{"id":52548,"date":"2012-08-16T09:52:11","date_gmt":"2012-08-16T07:52:11","guid":{"rendered":"https:\/\/www.claret.org\/el-p-general-convoca-a-la-primera-asamblea-de-cca\/"},"modified":"2012-08-16T09:52:11","modified_gmt":"2012-08-16T07:52:11","slug":"el-p-general-convoca-a-la-primera-asamblea-de-cca","status":"publish","type":"post","link":"https:\/\/www.claret.org\/es\/el-p-general-convoca-a-la-primera-asamblea-de-cca\/","title":{"rendered":"El P. General convoca a la Primera Asamblea de CCA"},"content":{"rendered":"<div class=\"field field-name-body field-type-text-with-summary field-label-hidden\">\n<div class=\"field-items\">\n<div class=\"field-item even\">\n<p><strong>Roma<\/strong>. Con fecha 23 de julio 2012, el P. Josep Ma. Abella CMF, Superior General, ha publicado la Convocatoria a la Primera Asamblea de la nueva Conferencia Claretiana de Am\u00e9rica (CCA).<\/p>\n<p>La Asamblea extraordinaria, que se tendr\u00e1 del 26 al 30 de noviembre en San Jos\u00e9 de Costa Rica, ha sido convocada excepcionalmente por el P. General, al ser la primera vez en que se reunir\u00e1n los representantes de dicha Conferencia.<\/p>\n<p>Participar\u00e1n en ella, como miembros \u201cex oficio\u201d, los Superiores Mayores de las Provincias y Delegaciones Independientes de Am\u00e9rica y los Coordinadores de las Misiones del Norte de Potos\u00ed (Bolivia) y Belize; adem\u00e1s, un delegado por cada uno de los Organismos Mayores del continente americano, seg\u00fan consta en los Estatutos provisionales de la Conferencia.<\/p>\n<p>Entre otras tareas, la Asamblea revisar\u00e1 los estatutos provisionales y les dar\u00e1 aprobaci\u00f3n definitiva, presentar\u00e1 sus proyectos, elaborar\u00e1 sus programas de animaci\u00f3n, organizar\u00e1 sus servicios y elegir\u00e1 a su primera Directiva.<\/p>\n<p>La nueva Conferencia es el resultado de la reorganizaci\u00f3n de las anteriores Confederaciones de CICLA (Am\u00e9rica Laitina y el Caribe) y NACLA (USA y Canad\u00e1).<\/p>\n<p>Click para leer la <a href=\"http:\/\/www2.claret.org\/es\/noticias\/24-07-2012\/index.php?option=com_docman&amp;task=doc_download&amp;gid=973&amp;Itemid=366&amp;lang=es\" rel=\"nofollow noopener\" target=\"_blank\">CONVOCATORIA.<\/a><\/p>\n<\/div>\n<\/div>\n<\/div>\n","protected":false},"excerpt":{"rendered":"<p>Roma. Con fecha 23 de julio 2012, el P. Josep Ma. Abella CMF, Superior General, ha publicado la Convocatoria a la Primera Asamblea de la nueva Conferencia Claretiana de Am\u00e9rica (CCA). La Asamblea extraordinaria, que se tendr\u00e1 del 26 al 30 de noviembre en San Jos\u00e9 de Costa Rica, ha sido convocada excepcionalmente por el [&hellip;]<\/p>\n","protected":false},"author":1,"featured_media":52539,"comment_status":"closed","ping_status":"closed","sticky":false,"template":"","format":"standard","meta":{"_et_pb_use_builder":"","_et_pb_old_content":"","_et_gb_content_width":"","footnotes":""},"categories":[356],"tags":[],"class_list":["post-52548","post","type-post","status-publish","format-standard","has-post-thumbnail","hentry","category-micla-es"],"jetpack_featured_media_url":"https:\/\/i0.wp.com\/www.claret.org\/wp-content\/uploads\/2019\/07\/CCA.jpg?fit=450%2C246&ssl=1","jetpack_sharing_enabled":true,"jetpack_shortlink":"https:\/\/wp.me\/pdaBmi-dFy","jetpack_likes_enabled":true,"_links":{"self":[{"href":"https:\/\/www.claret.org\/es\/wp-json\/wp\/v2\/posts\/52548","targetHints":{"allow":["GET"]}}],"collection":[{"href":"https:\/\/www.claret.org\/es\/wp-json\/wp\/v2\/posts"}],"about":[{"href":"https:\/\/www.claret.org\/es\/wp-json\/wp\/v2\/types\/post"}],"author":[{"embeddable":true,"href":"https:\/\/www.claret.org\/es\/wp-json\/wp\/v2\/users\/1"}],"replies":[{"embeddable":true,"href":"https:\/\/www.claret.org\/es\/wp-json\/wp\/v2\/comments?post=52548"}],"version-history":[{"count":0,"href":"https:\/\/www.claret.org\/es\/wp-json\/wp\/v2\/posts\/52548\/revisions"}],"wp:featuredmedia":[{"embeddable":true,"href":"https:\/\/www.claret.org\/es\/wp-json\/wp\/v2\/media\/52539"}],"wp:attachment":[{"href":"https:\/\/www.claret.org\/es\/wp-json\/wp\/v2\/media?parent=52548"}],"wp:term":[{"taxonomy":"category","embeddable":true,"href":"https:\/\/www.claret.org\/es\/wp-json\/wp\/v2\/categories?post=52548"},{"taxonomy":"post_tag","embeddable":true,"href":"https:\/\/www.claret.org\/es\/wp-json\/wp\/v2\/tags?post=52548"}],"curies":[{"name":"wp","href":"https:\/\/api.w.org\/{rel}","templated":true}]}}