{"id":52721,"date":"2012-07-04T11:53:15","date_gmt":"2012-07-04T09:53:15","guid":{"rendered":"https:\/\/www.claret.org\/peregrinacion-al-santuario-de-la-caridad-del-cobre\/"},"modified":"2012-07-04T11:53:15","modified_gmt":"2012-07-04T09:53:15","slug":"peregrinacion-al-santuario-de-la-caridad-del-cobre","status":"publish","type":"post","link":"https:\/\/www.claret.org\/es\/peregrinacion-al-santuario-de-la-caridad-del-cobre\/","title":{"rendered":"Peregrinaci\u00f3n al Santuario de la Caridad del Cobre"},"content":{"rendered":"<p><strong>La Maya, Cuba<\/strong>. La parroquia Pur\u00edsima Concepci\u00f3n, que comprende los municipios de Songo La Maya y el II Frente, acaba de realizar su peregrinaci\u00f3n al  Santuario de la Virgen de la Caridad del Cobre.<\/p>\n<p>Con motivo del A\u00f1o Jubilar, por los 400 a\u00f1os del hallazgo de la imagen de la Virgen, los Misioneros Claretianos organizaron esta peregrinaci\u00f3n dividiendo el inmenso territorio de la parroquia en tres zonas y en tres d\u00edas diferentes: 2, 9  y 16 de junio. Cada grupo reuni\u00f3 a unas 800 personas.<\/p>\n<p>Ha sido una intensa experiencia personal y comunitaria de los cientos de peregrinos que visitaron a la  Virgen de la Caridad en su Santuario, muchas de ellas por primera vez. Un cuidado folleto explicaba a cada peregrino el sentido de este acontecimiento y le animaba a vivirlo con alegr\u00eda y en comunidad.<\/p>\n<p>El viaje, desde la Parroquia se realiz\u00f3 en numerosos camiones. Al llegar a las inmediaciones del santuario se dio una bienvenida a todas las comunidades y se organiz\u00f3 de manera sencilla y ordenada la peregrinaci\u00f3n hasta el Santuario.<\/p>\n<p>Con la celebraci\u00f3n de la Santa Misa culmin\u00f3 la peregrinaci\u00f3n que se complet\u00f3 con la bendici\u00f3n personal impartida por los dos sacerdotes claretianos a quienes lo desearon.<\/p>\n<p>Los testimonios de los peregrinos ser\u00edan interminables contando la experiencia vivida: la paz recobrada, el \u00e1nimo fortalecido, la esperanza renacida, la fuerza y el compromiso renovado para continuar la lucha por la vida, por la familia, por un ma\u00f1ana mejor, la promesa cumplida\u2026, la alegr\u00eda, en fin, de saber que la Virgen de la Caridad les lleva en su coraz\u00f3n de Madre y Patrona de todos los Cubanos.<\/p>\n","protected":false},"excerpt":{"rendered":"<p>La Maya, Cuba. La parroquia Pur\u00edsima Concepci\u00f3n, que comprende los municipios de Songo La Maya y el II Frente, acaba de realizar su peregrinaci\u00f3n al Santuario de la Virgen de la Caridad del Cobre. Con motivo del A\u00f1o Jubilar, por los 400 a\u00f1os del hallazgo de la imagen de la Virgen, los Misioneros Claretianos organizaron [&hellip;]<\/p>\n","protected":false},"author":1,"featured_media":52717,"comment_status":"closed","ping_status":"closed","sticky":false,"template":"","format":"standard","meta":{"_et_pb_use_builder":"","_et_pb_old_content":"","_et_gb_content_width":"","footnotes":""},"categories":[361,1097],"tags":[],"class_list":["post-52721","post","type-post","status-publish","format-standard","has-post-thumbnail","hentry","category-antillas-es","category-parroquias"],"jetpack_featured_media_url":"https:\/\/i0.wp.com\/www.claret.org\/wp-content\/uploads\/2012\/07\/cuba_peregrinacion.jpg?fit=400%2C300&ssl=1","jetpack_sharing_enabled":true,"jetpack_shortlink":"https:\/\/wp.me\/pdaBmi-dIl","jetpack_likes_enabled":true,"_links":{"self":[{"href":"https:\/\/www.claret.org\/es\/wp-json\/wp\/v2\/posts\/52721","targetHints":{"allow":["GET"]}}],"collection":[{"href":"https:\/\/www.claret.org\/es\/wp-json\/wp\/v2\/posts"}],"about":[{"href":"https:\/\/www.claret.org\/es\/wp-json\/wp\/v2\/types\/post"}],"author":[{"embeddable":true,"href":"https:\/\/www.claret.org\/es\/wp-json\/wp\/v2\/users\/1"}],"replies":[{"embeddable":true,"href":"https:\/\/www.claret.org\/es\/wp-json\/wp\/v2\/comments?post=52721"}],"version-history":[{"count":0,"href":"https:\/\/www.claret.org\/es\/wp-json\/wp\/v2\/posts\/52721\/revisions"}],"wp:featuredmedia":[{"embeddable":true,"href":"https:\/\/www.claret.org\/es\/wp-json\/wp\/v2\/media\/52717"}],"wp:attachment":[{"href":"https:\/\/www.claret.org\/es\/wp-json\/wp\/v2\/media?parent=52721"}],"wp:term":[{"taxonomy":"category","embeddable":true,"href":"https:\/\/www.claret.org\/es\/wp-json\/wp\/v2\/categories?post=52721"},{"taxonomy":"post_tag","embeddable":true,"href":"https:\/\/www.claret.org\/es\/wp-json\/wp\/v2\/tags?post=52721"}],"curies":[{"name":"wp","href":"https:\/\/api.w.org\/{rel}","templated":true}]}}