{"id":52733,"date":"2012-06-30T11:58:54","date_gmt":"2012-06-30T09:58:54","guid":{"rendered":"https:\/\/www.claret.org\/7-martires-claretianos-prontos-para-ser-beatificados\/"},"modified":"2012-06-30T11:58:54","modified_gmt":"2012-06-30T09:58:54","slug":"7-martires-claretianos-prontos-para-ser-beatificados","status":"publish","type":"post","link":"https:\/\/www.claret.org\/es\/7-martires-claretianos-prontos-para-ser-beatificados\/","title":{"rendered":"7 M\u00e1rtires claretianos prontos para ser beatificados"},"content":{"rendered":"<p><strong>Roma<\/strong>. En la ma\u00f1ana del 28 de junio, el Papa Benedicto XVI recibi\u00f3 en audiencia personal al cardenal \u00c1ngel Amato, Prefecto de la Congregaci\u00f3n de las  Causas de los Santos, y aprob\u00f3 el decreto de beatificaci\u00f3n de los Siervos de Dios Manuel Borr\u00e1s Ferr\u00e9, obispo auxiliar de Tarragona y 146 compa\u00f1eros, martirizados por odio a la fe en la persecuci\u00f3n espa\u00f1ola entre 1936 y 1939.<\/p>\n<p>Forman parte de esta Causa, promovida por el Arzobispado de Tarragona, los siguientes siete claretianos: Federico Vila, Jaime Mir, Antonio Vilamassana, Antonio Capdevila, Sebasti\u00e1n Balcells, Pablo Castell\u00e1 y Andr\u00e9s Fel\u00edu Bartom\u00e9u. Los tres primeros pertenec\u00edan a la Comunidad de Tarragona y los cuatro restantes a la de La Selva del Camp.<\/p>\n<p>Estos siete m\u00e1rtires acompa\u00f1ar\u00e1n al otro grupo de m\u00e1rtires claretianos de Sig\u00fcenza y Fernancaballero en la pr\u00f3xima ceremonia de beatificaci\u00f3n de M\u00e1rtires de Espa\u00f1a del s. XX, prevista para finales de octubre de 2013, al t\u00e9rmino del A\u00f1o de la Fe.<\/p>\n","protected":false},"excerpt":{"rendered":"<p>Roma. En la ma\u00f1ana del 28 de junio, el Papa Benedicto XVI recibi\u00f3 en audiencia personal al cardenal \u00c1ngel Amato, Prefecto de la Congregaci\u00f3n de las Causas de los Santos, y aprob\u00f3 el decreto de beatificaci\u00f3n de los Siervos de Dios Manuel Borr\u00e1s Ferr\u00e9, obispo auxiliar de Tarragona y 146 compa\u00f1eros, martirizados por odio a [&hellip;]<\/p>\n","protected":false},"author":1,"featured_media":52728,"comment_status":"closed","ping_status":"closed","sticky":false,"template":"","format":"standard","meta":{"_et_pb_use_builder":"","_et_pb_old_content":"","_et_gb_content_width":"","footnotes":""},"categories":[1104],"tags":[],"class_list":["post-52733","post","type-post","status-publish","format-standard","has-post-thumbnail","hentry","category-fernan-caballero-es"],"jetpack_featured_media_url":"https:\/\/i0.wp.com\/www.claret.org\/wp-content\/uploads\/2019\/07\/Catalua_75_aniversario.jpg?fit=300%2C450&ssl=1","jetpack_sharing_enabled":true,"jetpack_shortlink":"https:\/\/wp.me\/pdaBmi-dIx","jetpack_likes_enabled":true,"_links":{"self":[{"href":"https:\/\/www.claret.org\/es\/wp-json\/wp\/v2\/posts\/52733","targetHints":{"allow":["GET"]}}],"collection":[{"href":"https:\/\/www.claret.org\/es\/wp-json\/wp\/v2\/posts"}],"about":[{"href":"https:\/\/www.claret.org\/es\/wp-json\/wp\/v2\/types\/post"}],"author":[{"embeddable":true,"href":"https:\/\/www.claret.org\/es\/wp-json\/wp\/v2\/users\/1"}],"replies":[{"embeddable":true,"href":"https:\/\/www.claret.org\/es\/wp-json\/wp\/v2\/comments?post=52733"}],"version-history":[{"count":0,"href":"https:\/\/www.claret.org\/es\/wp-json\/wp\/v2\/posts\/52733\/revisions"}],"wp:featuredmedia":[{"embeddable":true,"href":"https:\/\/www.claret.org\/es\/wp-json\/wp\/v2\/media\/52728"}],"wp:attachment":[{"href":"https:\/\/www.claret.org\/es\/wp-json\/wp\/v2\/media?parent=52733"}],"wp:term":[{"taxonomy":"category","embeddable":true,"href":"https:\/\/www.claret.org\/es\/wp-json\/wp\/v2\/categories?post=52733"},{"taxonomy":"post_tag","embeddable":true,"href":"https:\/\/www.claret.org\/es\/wp-json\/wp\/v2\/tags?post=52733"}],"curies":[{"name":"wp","href":"https:\/\/api.w.org\/{rel}","templated":true}]}}