{"id":53162,"date":"2012-05-15T18:32:05","date_gmt":"2012-05-15T16:32:05","guid":{"rendered":"https:\/\/www.claret.org\/joven-claret-nueva-propuesta-para-la-pjv\/"},"modified":"2012-05-15T18:32:05","modified_gmt":"2012-05-15T16:32:05","slug":"joven-claret-nueva-propuesta-para-la-pjv","status":"publish","type":"post","link":"https:\/\/www.claret.org\/es\/joven-claret-nueva-propuesta-para-la-pjv\/","title":{"rendered":"Joven Claret: nueva propuesta para la PJV"},"content":{"rendered":"<p><strong>Lima, Per\u00fa<\/strong>. Los Claretianos de la Provincia de Per\u00fa-Bolivia han estrenado una nueva p\u00e1gina web. Su objetivo es contribuir eficazmente a la Pastoral Juvenil Claretiana. La direcci\u00f3n es: <a href=\"http:\/\/www.jovenclaret.com\/\" rel=\"nofollow noopener\" target=\"_blank\">www.jovenclaret.com<\/a><br \/>\nJunto con las visitas, se esperan los comentarios y sugerencias que ayuden a mejorarla.<\/p>\n","protected":false},"excerpt":{"rendered":"<p>Lima, Per\u00fa. Los Claretianos de la Provincia de Per\u00fa-Bolivia han estrenado una nueva p\u00e1gina web. Su objetivo es contribuir eficazmente a la Pastoral Juvenil Claretiana. La direcci\u00f3n es: www.jovenclaret.com Junto con las visitas, se esperan los comentarios y sugerencias que ayuden a mejorarla.<\/p>\n","protected":false},"author":1,"featured_media":53157,"comment_status":"closed","ping_status":"closed","sticky":false,"template":"","format":"standard","meta":{"_et_pb_use_builder":"","_et_pb_old_content":"","_et_gb_content_width":"","footnotes":""},"categories":[485,387,432],"tags":[],"class_list":["post-53162","post","type-post","status-publish","format-standard","has-post-thumbnail","hentry","category-pastoral-juvenil-vocacional","category-peru-bolivia-es","category-tics"],"jetpack_featured_media_url":"https:\/\/i0.wp.com\/www.claret.org\/wp-content\/uploads\/2019\/07\/jovenclaret_Peru.jpg?fit=450%2C408&ssl=1","jetpack_sharing_enabled":true,"jetpack_shortlink":"https:\/\/wp.me\/pdaBmi-dPs","jetpack_likes_enabled":true,"_links":{"self":[{"href":"https:\/\/www.claret.org\/es\/wp-json\/wp\/v2\/posts\/53162","targetHints":{"allow":["GET"]}}],"collection":[{"href":"https:\/\/www.claret.org\/es\/wp-json\/wp\/v2\/posts"}],"about":[{"href":"https:\/\/www.claret.org\/es\/wp-json\/wp\/v2\/types\/post"}],"author":[{"embeddable":true,"href":"https:\/\/www.claret.org\/es\/wp-json\/wp\/v2\/users\/1"}],"replies":[{"embeddable":true,"href":"https:\/\/www.claret.org\/es\/wp-json\/wp\/v2\/comments?post=53162"}],"version-history":[{"count":0,"href":"https:\/\/www.claret.org\/es\/wp-json\/wp\/v2\/posts\/53162\/revisions"}],"wp:featuredmedia":[{"embeddable":true,"href":"https:\/\/www.claret.org\/es\/wp-json\/wp\/v2\/media\/53157"}],"wp:attachment":[{"href":"https:\/\/www.claret.org\/es\/wp-json\/wp\/v2\/media?parent=53162"}],"wp:term":[{"taxonomy":"category","embeddable":true,"href":"https:\/\/www.claret.org\/es\/wp-json\/wp\/v2\/categories?post=53162"},{"taxonomy":"post_tag","embeddable":true,"href":"https:\/\/www.claret.org\/es\/wp-json\/wp\/v2\/tags?post=53162"}],"curies":[{"name":"wp","href":"https:\/\/api.w.org\/{rel}","templated":true}]}}