{"id":53186,"date":"2012-05-14T18:40:35","date_gmt":"2012-05-14T16:40:35","guid":{"rendered":"https:\/\/www.claret.org\/108-aniversario-del-p-mariano-avellana-cmf\/"},"modified":"2012-05-14T18:40:35","modified_gmt":"2012-05-14T16:40:35","slug":"108-aniversario-del-p-mariano-avellana-cmf","status":"publish","type":"post","link":"https:\/\/www.claret.org\/es\/108-aniversario-del-p-mariano-avellana-cmf\/","title":{"rendered":"108 aniversario del P. Mariano Avellana CMF"},"content":{"rendered":"<p><strong>Santiago de Chile<\/strong>. Este 14 de mayo se cumplen 108 a\u00f1os de la Pascua del Venerable P. Mariano Avellana CMF, uno de los grandes \u00edconos de santidad que ha generado el carisma de San Antonio Mar\u00eda Claret.<\/p>\n<p>El Venerable, es un ejemplo cabal de la radicalidad que puede alcanzar la vivencia del compromiso misionero: encendiendo al mundo con el propio fuego interno, sin que nada arredre, goz\u00e1ndose en las privaciones, abordando sin remilgos el trabajo evangelizador, y a la par los insoslayables sacrificios, calumnias, y hasta tormentos si fuere necesario.<\/p>\n<p>Puede leerse una interesante reflexi\u00f3n al respecto en el siguiente link: <a href=\"http:\/\/www.claretianosdelsur.org\/el-p-mariano-avellana-un-testimonio-comprometedor\" rel=\"nofollow noopener\" target=\"_blank\">http:\/\/www.claretianosdelsur.org\/el-p-mariano-avellana-un-testimonio-comprometedor<\/a><\/p>\n","protected":false},"excerpt":{"rendered":"<p>Santiago de Chile. Este 14 de mayo se cumplen 108 a\u00f1os de la Pascua del Venerable P. Mariano Avellana CMF, uno de los grandes \u00edconos de santidad que ha generado el carisma de San Antonio Mar\u00eda Claret. El Venerable, es un ejemplo cabal de la radicalidad que puede alcanzar la vivencia del compromiso misionero: encendiendo [&hellip;]<\/p>\n","protected":false},"author":1,"featured_media":53181,"comment_status":"closed","ping_status":"closed","sticky":false,"template":"","format":"standard","meta":{"_et_pb_use_builder":"","_et_pb_old_content":"","_et_gb_content_width":"","footnotes":""},"categories":[464,1881,394],"tags":[],"class_list":["post-53186","post","type-post","status-publish","format-standard","has-post-thumbnail","hentry","category-causas-de-los-santos","category-mariano-avellana-es","category-san-jose-del-sur-es"],"jetpack_featured_media_url":"https:\/\/i0.wp.com\/www.claret.org\/wp-content\/uploads\/2019\/07\/Avellana_Pster.jpg?fit=318%2C450&ssl=1","jetpack_sharing_enabled":true,"jetpack_shortlink":"https:\/\/wp.me\/pdaBmi-dPQ","jetpack_likes_enabled":true,"_links":{"self":[{"href":"https:\/\/www.claret.org\/es\/wp-json\/wp\/v2\/posts\/53186","targetHints":{"allow":["GET"]}}],"collection":[{"href":"https:\/\/www.claret.org\/es\/wp-json\/wp\/v2\/posts"}],"about":[{"href":"https:\/\/www.claret.org\/es\/wp-json\/wp\/v2\/types\/post"}],"author":[{"embeddable":true,"href":"https:\/\/www.claret.org\/es\/wp-json\/wp\/v2\/users\/1"}],"replies":[{"embeddable":true,"href":"https:\/\/www.claret.org\/es\/wp-json\/wp\/v2\/comments?post=53186"}],"version-history":[{"count":0,"href":"https:\/\/www.claret.org\/es\/wp-json\/wp\/v2\/posts\/53186\/revisions"}],"wp:featuredmedia":[{"embeddable":true,"href":"https:\/\/www.claret.org\/es\/wp-json\/wp\/v2\/media\/53181"}],"wp:attachment":[{"href":"https:\/\/www.claret.org\/es\/wp-json\/wp\/v2\/media?parent=53186"}],"wp:term":[{"taxonomy":"category","embeddable":true,"href":"https:\/\/www.claret.org\/es\/wp-json\/wp\/v2\/categories?post=53186"},{"taxonomy":"post_tag","embeddable":true,"href":"https:\/\/www.claret.org\/es\/wp-json\/wp\/v2\/tags?post=53186"}],"curies":[{"name":"wp","href":"https:\/\/api.w.org\/{rel}","templated":true}]}}