{"id":53438,"date":"2012-04-13T11:18:55","date_gmt":"2012-04-13T09:18:55","guid":{"rendered":"https:\/\/www.claret.org\/41a-semana-nacional-de-vida-religiosa\/"},"modified":"2012-04-13T11:18:55","modified_gmt":"2012-04-13T09:18:55","slug":"41a-semana-nacional-de-vida-religiosa","status":"publish","type":"post","link":"https:\/\/www.claret.org\/es\/41a-semana-nacional-de-vida-religiosa\/","title":{"rendered":"41\u00aa Semana Nacional de vida religiosa"},"content":{"rendered":"<p><strong>Madrid, Espa\u00f1a<\/strong>. El 10 de Abril ha dado inicio la XLI Semana de Vida Religiosa con el tema: <em>Centralidad de la misi\u00f3n evangelizadora<\/em>.<\/p>\n<p>Como cada a\u00f1o, la semana es organizada por el Instituto Teol\u00f3gico de Vida Religiosa de Madrid (integrado a la Facultad de Teolog\u00eda de la Universidad Pontificia de Salamanca). Participan unas 500 personas y se prev\u00e9 conlcuiirla el 14 de abril.<\/p>\n<p>Los trabajos fueron inaugurados por el Nuncio de SS, Mons. Renzo Fratini, quien urgi\u00f3 a repensar una evangelizaci\u00f3n, principalmente en el campo de la espiritualidad y en el de la educaci\u00f3n, para descubrir una nueva transmisi\u00f3n de la vida cristiana.<\/p>\n<p>D. \u00c1ngel Galindo, Rector de la Universidad Pontificia de Salamanca, felicit\u00f3 al ITVR por el tema escogido. Se\u00f1al\u00f3 que la celebraci\u00f3n anual de la Semana de Vida Religiosa alimenta la vida espiritual y fomenta la uni\u00f3n con otros carismas, contribuyendo a la vez al sustento intelectual.<\/p>\n<p>El Presidente de CONFER (Conferencia de los religiosos de Espa\u00f1a), P. El\u00edas Roy\u00f3n, subray\u00f3 que la evangelizaci\u00f3n est\u00e1 en el centro de todos los carismas; la misi\u00f3n no es un a\u00f1adido a la vocaci\u00f3n sino que la constituye y agreg\u00f3 que este encuentro es uno de los m\u00e1s significativos que se organiza en Espa\u00f1a.<\/p>\n<p>El P. Manuel Tamargo, Superior Provincial de los Misioneros Claretianos (Provincia de Santiago), dio la bienvenida a los asistentes agradeciendo que sean ellos quienes hacen posible esta Semana. Record\u00f3 la presencia del Resucitado que nos ofrece la oportunidad de una vida evangelizadora y evang\u00e9lica.<\/p>\n<p>El Director del Instituto Teol\u00f3gico de Vida Religiosa, Prof. Bonifacio Fern\u00e1ndez, hizo la presentaci\u00f3n de la Semana, enumerando las ponencias y la intencionalidad de su secuencia. Organizar este encuentro es un acto de responsabilidad como hombres y mujeres comprometidos en la vida evang\u00e9lica. Afirm\u00f3 que transmitir la autenticidad de los carismas, que cada congregaci\u00f3n ha recibido, es una dimensi\u00f3n esencial de los consagrados y que la misi\u00f3n es la motivaci\u00f3n y la raz\u00f3n de ser de esta forma de vida apost\u00f3lica.<\/p>\n","protected":false},"excerpt":{"rendered":"<p>Madrid, Espa\u00f1a. El 10 de Abril ha dado inicio la XLI Semana de Vida Religiosa con el tema: Centralidad de la misi\u00f3n evangelizadora. Como cada a\u00f1o, la semana es organizada por el Instituto Teol\u00f3gico de Vida Religiosa de Madrid (integrado a la Facultad de Teolog\u00eda de la Universidad Pontificia de Salamanca). Participan unas 500 personas [&hellip;]<\/p>\n","protected":false},"author":1,"featured_media":53433,"comment_status":"closed","ping_status":"closed","sticky":false,"template":"","format":"standard","meta":{"_et_pb_use_builder":"","_et_pb_old_content":"","_et_gb_content_width":"","footnotes":""},"categories":[417,341],"tags":[],"class_list":["post-53438","post","type-post","status-publish","format-standard","has-post-thumbnail","hentry","category-vida-consagrada","category-santiago-es"],"jetpack_featured_media_url":"https:\/\/i0.wp.com\/www.claret.org\/wp-content\/uploads\/2019\/07\/ITVR_41_w.jpg?fit=450%2C346&ssl=1","jetpack_sharing_enabled":true,"jetpack_shortlink":"https:\/\/wp.me\/pdaBmi-dTU","jetpack_likes_enabled":true,"_links":{"self":[{"href":"https:\/\/www.claret.org\/es\/wp-json\/wp\/v2\/posts\/53438","targetHints":{"allow":["GET"]}}],"collection":[{"href":"https:\/\/www.claret.org\/es\/wp-json\/wp\/v2\/posts"}],"about":[{"href":"https:\/\/www.claret.org\/es\/wp-json\/wp\/v2\/types\/post"}],"author":[{"embeddable":true,"href":"https:\/\/www.claret.org\/es\/wp-json\/wp\/v2\/users\/1"}],"replies":[{"embeddable":true,"href":"https:\/\/www.claret.org\/es\/wp-json\/wp\/v2\/comments?post=53438"}],"version-history":[{"count":0,"href":"https:\/\/www.claret.org\/es\/wp-json\/wp\/v2\/posts\/53438\/revisions"}],"wp:featuredmedia":[{"embeddable":true,"href":"https:\/\/www.claret.org\/es\/wp-json\/wp\/v2\/media\/53433"}],"wp:attachment":[{"href":"https:\/\/www.claret.org\/es\/wp-json\/wp\/v2\/media?parent=53438"}],"wp:term":[{"taxonomy":"category","embeddable":true,"href":"https:\/\/www.claret.org\/es\/wp-json\/wp\/v2\/categories?post=53438"},{"taxonomy":"post_tag","embeddable":true,"href":"https:\/\/www.claret.org\/es\/wp-json\/wp\/v2\/tags?post=53438"}],"curies":[{"name":"wp","href":"https:\/\/api.w.org\/{rel}","templated":true}]}}