{"id":53536,"date":"2012-04-02T11:55:42","date_gmt":"2012-04-02T09:55:42","guid":{"rendered":"https:\/\/www.claret.org\/romero-familia-claretiana-de-centroamerica\/"},"modified":"2012-04-02T11:55:42","modified_gmt":"2012-04-02T09:55:42","slug":"romero-familia-claretiana-de-centroamerica","status":"publish","type":"post","link":"https:\/\/www.claret.org\/es\/romero-familia-claretiana-de-centroamerica\/","title":{"rendered":"Romero + Familia claretiana de Centroam\u00e9rica"},"content":{"rendered":"<div class=\"field field-name-body field-type-text-with-summary field-label-hidden\">\n<div class=\"field-items\">\n<div class=\"field-item even\">\n<p><strong>San Salvador, El Salvador<\/strong>. Los d\u00edas 23 y 24 de marzo, en El Salvador, se reunieron representantes de la pastoral juvenil claretiana de los seis pa\u00edses que conforman la Provincia de Centroam\u00e9rica.<\/p>\n<p>Ha sido una ocasi\u00f3n propicia para compartir las experiencias y el trabajo que realizan. Sobre esta base, los participantes buscar\u00e1n la articulaci\u00f3n de un proceso juvenil en &#8216;clave Fragua&#8217;.<\/p>\n<p>Tambi\u00e9n en estos d\u00edas, se ha aprovechado la ocasi\u00f3n para celebrar como Familia Claretiana el XXXII aniversario del martirio de Monse\u00f1or Oscar Arnulfo Romero. Fue realmente una fiesta, se vivi\u00f3 con alegr\u00eda el sentir que somos familia y que estamos contagiados con el carisma misionero de San Antonio Mar\u00eda Claret. Durante la jornada gritamos a una voz: \u00a1Somos la vi\u00f1a joven que arde en caridad!<\/p>\n<p>Un video aqu\u00ed: <a href=\"http:\/\/www.youtube.com\/watch?v=0xJsxkXlFfU&amp;feature=share\" target=\"_blank\" rel=\"noopener noreferrer nofollow\">http:\/\/www.youtube.com\/watch?<wbr \/>v=0xJsxkXlFfU&amp;feature=share<\/a><\/p>\n<\/div>\n<\/div>\n<\/div>\n<div class=\"field field-name-field-noticia-autor-alias field-type-text field-label-hidden\">\n<div class=\"field-items\">\n<div class=\"field-item even\">Edguzman<\/div>\n<\/div>\n<\/div>\n","protected":false},"excerpt":{"rendered":"<p>San Salvador, El Salvador. Los d\u00edas 23 y 24 de marzo, en El Salvador, se reunieron representantes de la pastoral juvenil claretiana de los seis pa\u00edses que conforman la Provincia de Centroam\u00e9rica. Ha sido una ocasi\u00f3n propicia para compartir las experiencias y el trabajo que realizan. Sobre esta base, los participantes buscar\u00e1n la articulaci\u00f3n de [&hellip;]<\/p>\n","protected":false},"author":1,"featured_media":53537,"comment_status":"closed","ping_status":"closed","sticky":false,"template":"","format":"standard","meta":{"_et_pb_use_builder":"","_et_pb_old_content":"","_et_gb_content_width":"","footnotes":""},"categories":[371,528],"tags":[],"class_list":["post-53536","post","type-post","status-publish","format-standard","has-post-thumbnail","hentry","category-centroamerica-es","category-familia-claretiana"],"jetpack_featured_media_url":"https:\/\/i0.wp.com\/www.claret.org\/wp-content\/uploads\/2012\/04\/romero-familia-claretiana-de-centroam-rica.jpg?fit=960%2C720&ssl=1","jetpack_sharing_enabled":true,"jetpack_shortlink":"https:\/\/wp.me\/pdaBmi-dVu","jetpack_likes_enabled":true,"_links":{"self":[{"href":"https:\/\/www.claret.org\/es\/wp-json\/wp\/v2\/posts\/53536","targetHints":{"allow":["GET"]}}],"collection":[{"href":"https:\/\/www.claret.org\/es\/wp-json\/wp\/v2\/posts"}],"about":[{"href":"https:\/\/www.claret.org\/es\/wp-json\/wp\/v2\/types\/post"}],"author":[{"embeddable":true,"href":"https:\/\/www.claret.org\/es\/wp-json\/wp\/v2\/users\/1"}],"replies":[{"embeddable":true,"href":"https:\/\/www.claret.org\/es\/wp-json\/wp\/v2\/comments?post=53536"}],"version-history":[{"count":0,"href":"https:\/\/www.claret.org\/es\/wp-json\/wp\/v2\/posts\/53536\/revisions"}],"wp:featuredmedia":[{"embeddable":true,"href":"https:\/\/www.claret.org\/es\/wp-json\/wp\/v2\/media\/53537"}],"wp:attachment":[{"href":"https:\/\/www.claret.org\/es\/wp-json\/wp\/v2\/media?parent=53536"}],"wp:term":[{"taxonomy":"category","embeddable":true,"href":"https:\/\/www.claret.org\/es\/wp-json\/wp\/v2\/categories?post=53536"},{"taxonomy":"post_tag","embeddable":true,"href":"https:\/\/www.claret.org\/es\/wp-json\/wp\/v2\/tags?post=53536"}],"curies":[{"name":"wp","href":"https:\/\/api.w.org\/{rel}","templated":true}]}}