{"id":53578,"date":"2012-03-26T12:11:26","date_gmt":"2012-03-26T10:11:26","guid":{"rendered":"https:\/\/www.claret.org\/el-papa-en-mexico-recuerda-a-los-martires-de-cristo-rey\/"},"modified":"2012-03-26T12:11:26","modified_gmt":"2012-03-26T10:11:26","slug":"el-papa-en-mexico-recuerda-a-los-martires-de-cristo-rey","status":"publish","type":"post","link":"https:\/\/www.claret.org\/es\/el-papa-en-mexico-recuerda-a-los-martires-de-cristo-rey\/","title":{"rendered":"El Papa en M\u00e9xico, recuerda a los M\u00e1rtires de Cristo Rey"},"content":{"rendered":"<p><strong>Le\u00f3n, Guanajuato<\/strong> (M\u00e9xico). Del 23 al 26 de marzo, el Papa Benedicto XVI ha vivido en M\u00e9xico la primera etapa del viaje apost\u00f3lico que le ha llevado a Am\u00e9rica Latina y el Caribe. Para la segunda etapa, el Papa se trasladar\u00e1 a Cuba como \u201cperegrino de la caridad\u201d.<\/p>\n<p>La visita a M\u00e9xico se ha desarrollado entre las ciudades de Le\u00f3n, Guanajuato capital y Silao, en el centro del pa\u00eds. El pueblo, especialmente los j\u00f3venes, le han brindado una c\u00e1lida y multitudinaria acogida. El momento cumbre se ha tenido en la Eucarist\u00eda celebrada en el \u201cParque del bicentenario\u201d, al pie del \u2018Cerro del Cubilete\u2019.<\/p>\n<p>En la cima de esta monta\u00f1a se yergue el monumento a Cristo Rey, cargado de un fuerte simbolismo para el catolicismo mexicano, que entre los a\u00f1os de 1926 y 1929 sufriera una sangrienta persecuci\u00f3n. Tambi\u00e9n en torno a este santuario se levanta la capilla de \u201cNuestra Se\u00f1ora de aguas buenas\u201d donde se conservan los restos-reliquias del P. Andr\u00e9s Sol\u00e1 CMF y Compa\u00f1eros M\u00e1rtires de San Joaqu\u00edn, asesinados en 1927 por la causa de Cristo Rey.<\/p>\n<p><img data-recalc-dims=\"1\" loading=\"lazy\" decoding=\"async\" class=\"smartresize alignleft\" src=\"https:\/\/i0.wp.com\/www2.claret.org\/sites\/default\/files\/imagenes\/Noticias\/MartiresanJoaquin_w.jpg?resize=244%2C300\" alt=\"MartiresanJoaquin_w\" width=\"244\" height=\"300\" title=\"\">El Papa ha aludido a estos M\u00e1rtires, especialmente durante la Misa del domingo 25. Dirigi\u00e9ndose a todos los cristianos y comunidades eclesiales de Am\u00e9rica, que en estos a\u00f1os est\u00e1n celebrando el bicentenario de los movimientos de su independencia pol\u00edtica, les ha pedido que resistan a la tentaci\u00f3n de una fe superficial y rutinaria, a veces fragmentaria e incoherente.<\/p>\n<p><em>Tambi\u00e9n aqu\u00ed se ha de superar el cansancio de la fe y recuperar \u00abla alegr\u00eda de ser cristianos, de estar sostenidos por la felicidad interior de conocer a Cristo y de pertenecer a su Iglesia. De esta alegr\u00eda nacen tambi\u00e9n las energ\u00edas para servir a Cristo en las situaciones agobiantes de sufrimiento humano, para ponerse a su disposici\u00f3n, sin replegarse en el propio bienestar\u00bb. Lo vemos muy bien en los santos, que se entregaron de lleno a la causa del evangelio con entusiasmo y con gozo, sin reparar en sacrificios, incluso el de la propia vida. Su coraz\u00f3n era una apuesta incondicional por Cristo, de quien hab\u00edan aprendido lo que significa verdaderamente amar hasta el final.<\/em><\/p>\n<p>La celebraci\u00f3n concluy\u00f3 con el rezo del Angelus. En el mensaje previo encomend\u00f3 a la Virgen de Guadalupe a todos los pueblos latinoamericanos que pasan por momentos de sufrimiento e incertidumbre y, aludiendo a los M\u00e1rtires dijo: <em>En tiempos de prueba y dolor, ella ha sido invocada por tantos m\u00e1rtires que, a la voz de \u00abviva Cristo Rey y Mar\u00eda de Guadalupe\u00bb, han dado testimonio inquebrantable de fidelidad al Evangelio y entrega a la Iglesia<\/em>.<\/p>\n<p><img data-recalc-dims=\"1\" loading=\"lazy\" decoding=\"async\" class=\"smartresize alignleft\" src=\"https:\/\/i0.wp.com\/www2.claret.org\/sites\/default\/files\/imagenes\/Noticias\/Papa_sombrero_mex.jpg?resize=312%2C208\" alt=\"Papa_sombrero_mex\" width=\"312\" height=\"208\" title=\"\">Por la tarde del mismo domingo ha exhortado a los Obispos de Am\u00e9rica Latina, reunidos para las V\u00edsperas en la Catedral de L\u00e9on, a ser portadores de esperanza para sus pueblos heridos por la criminalidad, la violencia y la injusticia. Les ha pedido:<br \/>\n<em>Est\u00e9n del lado de quienes son marginados por la fuerza, el poder o una riqueza que ignora a quienes carecen de casi todo. La Iglesia no puede separar la alabanza de Dios del servicio a los hombres. El \u00fanico Dios Padre y Creador es el que nos ha constituido hermanos: ser hombre es ser hermano y guardi\u00e1n del pr\u00f3jimo.<\/em><\/p>\n","protected":false},"excerpt":{"rendered":"<p>Le\u00f3n, Guanajuato (M\u00e9xico). Del 23 al 26 de marzo, el Papa Benedicto XVI ha vivido en M\u00e9xico la primera etapa del viaje apost\u00f3lico que le ha llevado a Am\u00e9rica Latina y el Caribe. Para la segunda etapa, el Papa se trasladar\u00e1 a Cuba como \u201cperegrino de la caridad\u201d. La visita a M\u00e9xico se ha desarrollado [&hellip;]<\/p>\n","protected":false},"author":1,"featured_media":53573,"comment_status":"closed","ping_status":"closed","sticky":false,"template":"","format":"standard","meta":{"_et_pb_use_builder":"","_et_pb_old_content":"","_et_gb_content_width":"","footnotes":""},"categories":[269,386],"tags":[],"class_list":["post-53578","post","type-post","status-publish","format-standard","has-post-thumbnail","hentry","category-andres-sola-es","category-mexico-es"],"jetpack_featured_media_url":"https:\/\/i0.wp.com\/www.claret.org\/wp-content\/uploads\/2019\/07\/BenedictoXVMex_3.jpg?fit=371%2C249&ssl=1","jetpack_sharing_enabled":true,"jetpack_shortlink":"https:\/\/wp.me\/pdaBmi-dWa","jetpack_likes_enabled":true,"_links":{"self":[{"href":"https:\/\/www.claret.org\/es\/wp-json\/wp\/v2\/posts\/53578","targetHints":{"allow":["GET"]}}],"collection":[{"href":"https:\/\/www.claret.org\/es\/wp-json\/wp\/v2\/posts"}],"about":[{"href":"https:\/\/www.claret.org\/es\/wp-json\/wp\/v2\/types\/post"}],"author":[{"embeddable":true,"href":"https:\/\/www.claret.org\/es\/wp-json\/wp\/v2\/users\/1"}],"replies":[{"embeddable":true,"href":"https:\/\/www.claret.org\/es\/wp-json\/wp\/v2\/comments?post=53578"}],"version-history":[{"count":0,"href":"https:\/\/www.claret.org\/es\/wp-json\/wp\/v2\/posts\/53578\/revisions"}],"wp:featuredmedia":[{"embeddable":true,"href":"https:\/\/www.claret.org\/es\/wp-json\/wp\/v2\/media\/53573"}],"wp:attachment":[{"href":"https:\/\/www.claret.org\/es\/wp-json\/wp\/v2\/media?parent=53578"}],"wp:term":[{"taxonomy":"category","embeddable":true,"href":"https:\/\/www.claret.org\/es\/wp-json\/wp\/v2\/categories?post=53578"},{"taxonomy":"post_tag","embeddable":true,"href":"https:\/\/www.claret.org\/es\/wp-json\/wp\/v2\/tags?post=53578"}],"curies":[{"name":"wp","href":"https:\/\/api.w.org\/{rel}","templated":true}]}}