{"id":53747,"date":"2012-03-08T16:01:45","date_gmt":"2012-03-08T15:01:45","guid":{"rendered":"https:\/\/www.claret.org\/la-mision-claretiana-de-paris-en-el-cinema\/"},"modified":"2012-03-08T16:01:45","modified_gmt":"2012-03-08T15:01:45","slug":"la-mision-claretiana-de-paris-en-el-cinema","status":"publish","type":"post","link":"https:\/\/www.claret.org\/es\/la-mision-claretiana-de-paris-en-el-cinema\/","title":{"rendered":"La Misi\u00f3n Claretiana de Par\u00eds en el Cinema"},"content":{"rendered":"<div class=\"field field-name-body field-type-text-with-summary field-label-hidden\">\n<div class=\"field-items\">\n<div class=\"field-item even\"><strong>Par\u00eds, Francia.<\/strong> La sociedad cinematogr\u00e1fica francesa acostumbra entregar sus premios m\u00e1s importantes: los &#8216;C\u00e9sar&#8217;, pocos d\u00edas antes que los Oscar norteamericanos. El viernes 24 de febrero la actriz espa\u00f1ola Carmen Maura recogi\u00f3 el Premio C\u00e9sar 2012 a la mejor actriz de reparto por su participaci\u00f3n en la pel\u00edcula \u2018Les femmes du sixi\u00e8me \u00e9tage\u2019, que podr\u00eda traducirse por \u2018las chicas del sexto piso\u2019, pero que se distribuir\u00e1 en Espa\u00f1a como \u2018Muchachas\u2019.La pel\u00edcula recoge la vida de cientos de espa\u00f1olas que a mediados del siglo XX emigraron a Francia, y en concreto a Par\u00eds, para trabajar como sirvientas o empleadas del hogar. Estas mujeres residieron durante d\u00e9cadas en las buhardillas ubicadas en los \u00faltimos pisos (muchas veces el sexto piso) de las casas donde trabajaban. La pel\u00edcula incluye varias escenas rodadas en la Misi\u00f3n Cat\u00f3lica Espa\u00f1ola, encomendada desde 1914 a la Congregaci\u00f3n y atendida hoy por una comunidad de la Provincia de Santiago en la que residen siete claretianos: cinco de la provincia, uno de la Delegaci\u00f3n de Canad\u00e1 y otro de la Provincia de Colombia-Venezuela.<\/p>\n<p>La comunidad guarda buen recuerdo de los momentos del rodaje, en los que algunos de sus miembros colaboraron asesorando en el ensayo de los cantos lit\u00fargicos recogidos en la pel\u00edcula y ayudando al Director, Philippe Le Guay, a comprender la labor realizada en aquellas d\u00e9cadas por la Misi\u00f3n Cat\u00f3lica Espa\u00f1ola.<\/p>\n<p>La pel\u00edcula ha pasado ya por cert\u00e1menes de relevancia internacional como algunos celebrados en Berl\u00edn y Los \u00c1ngeles y, en tono de comedia respetuosa, suscita una interesante reflexi\u00f3n sobre la relaci\u00f3n entre las culturas y las clases sociales y sobre el tema de las migraciones, raz\u00f3n principal de nuestra presencia en ciudades europeas como Z\u00fcrich y Par\u00eds.<\/p>\n<\/div>\n<\/div>\n<\/div>\n<div class=\"field field-name-field-noticia-autor-alias field-type-text field-label-hidden\">\n<div class=\"field-items\">\n<div class=\"field-item even\">Belderrain<\/div>\n<\/div>\n<\/div>\n","protected":false},"excerpt":{"rendered":"<p>Par\u00eds, Francia. La sociedad cinematogr\u00e1fica francesa acostumbra entregar sus premios m\u00e1s importantes: los &#8216;C\u00e9sar&#8217;, pocos d\u00edas antes que los Oscar norteamericanos. El viernes 24 de febrero la actriz espa\u00f1ola Carmen Maura recogi\u00f3 el Premio C\u00e9sar 2012 a la mejor actriz de reparto por su participaci\u00f3n en la pel\u00edcula \u2018Les femmes du sixi\u00e8me \u00e9tage\u2019, que podr\u00eda [&hellip;]<\/p>\n","protected":false},"author":1,"featured_media":53742,"comment_status":"closed","ping_status":"closed","sticky":false,"template":"","format":"standard","meta":{"_et_pb_use_builder":"","_et_pb_old_content":"","_et_gb_content_width":"","footnotes":""},"categories":[301,460],"tags":[],"class_list":["post-53747","post","type-post","status-publish","format-standard","has-post-thumbnail","hentry","category-france-es","category-la-mision-claretiana"],"jetpack_featured_media_url":"https:\/\/i0.wp.com\/www.claret.org\/wp-content\/uploads\/2019\/07\/Pompe_Cartel.jpg?fit=450%2C600&ssl=1","jetpack_sharing_enabled":true,"jetpack_shortlink":"https:\/\/wp.me\/pdaBmi-dYT","jetpack_likes_enabled":true,"_links":{"self":[{"href":"https:\/\/www.claret.org\/es\/wp-json\/wp\/v2\/posts\/53747","targetHints":{"allow":["GET"]}}],"collection":[{"href":"https:\/\/www.claret.org\/es\/wp-json\/wp\/v2\/posts"}],"about":[{"href":"https:\/\/www.claret.org\/es\/wp-json\/wp\/v2\/types\/post"}],"author":[{"embeddable":true,"href":"https:\/\/www.claret.org\/es\/wp-json\/wp\/v2\/users\/1"}],"replies":[{"embeddable":true,"href":"https:\/\/www.claret.org\/es\/wp-json\/wp\/v2\/comments?post=53747"}],"version-history":[{"count":0,"href":"https:\/\/www.claret.org\/es\/wp-json\/wp\/v2\/posts\/53747\/revisions"}],"wp:featuredmedia":[{"embeddable":true,"href":"https:\/\/www.claret.org\/es\/wp-json\/wp\/v2\/media\/53742"}],"wp:attachment":[{"href":"https:\/\/www.claret.org\/es\/wp-json\/wp\/v2\/media?parent=53747"}],"wp:term":[{"taxonomy":"category","embeddable":true,"href":"https:\/\/www.claret.org\/es\/wp-json\/wp\/v2\/categories?post=53747"},{"taxonomy":"post_tag","embeddable":true,"href":"https:\/\/www.claret.org\/es\/wp-json\/wp\/v2\/tags?post=53747"}],"curies":[{"name":"wp","href":"https:\/\/api.w.org\/{rel}","templated":true}]}}