{"id":53905,"date":"2019-07-20T20:56:03","date_gmt":"2019-07-20T18:56:03","guid":{"rendered":"https:\/\/www.claret.org\/?p=53905"},"modified":"2019-07-20T20:56:03","modified_gmt":"2019-07-20T18:56:03","slug":"tallado-de-un-diamante-75-anos-de-vida-religiosa","status":"publish","type":"post","link":"https:\/\/www.claret.org\/es\/tallado-de-un-diamante-75-anos-de-vida-religiosa\/","title":{"rendered":"Tallado de un diamante: 75 a\u00f1os de vida religiosa"},"content":{"rendered":"<p><strong>Ciudad de M\u00e9xico, M\u00e9xico. <\/strong>As\u00ed como el diamante debe tallarse a trav\u00e9s de un proceso espec\u00edfico para adquirir el brillo y forma que encantan la vista y vac\u00eda el bolsillo, as\u00ed tambi\u00e9n la vida de un consagrado se va tallando con el desgaste del paso de los a\u00f1os y mediante un proceso continuado de formaci\u00f3n, entrega apost\u00f3lica y vida interior.<\/p>\n<p>Sirvan estas l\u00edneas para resaltar los 75 a\u00f1os de vida religiosa del sacerdote misionero claretiano Arturo Cisneros Vera, cmf que el pasado 16 de julio lleg\u00f3 a su aniversario de diamante de consagraci\u00f3n.<\/p>\n<p>En el marco de los 170 a\u00f1os de fundaci\u00f3n de la Congregaci\u00f3n y en la coyuntura del final de la visita generalicia a la Provincia Claretiana de M\u00e9xico el P. Arturo, ya nonagenario (casi 93 a\u00f1os), junto con otros claretianos (P. Humberto Rodr\u00edguez P\u00e9rez, cmf y el Hno. Jos\u00e9 T. Garc\u00eda Mej\u00eda, cmf) que cumplir\u00e1n en agosto 22 su aniversario de oro de profesi\u00f3n, renov\u00f3 su consagraci\u00f3n a Dios de manos del P. Artur Teixeira, cmf; con voz grave y firme pronunci\u00f3 la f\u00f3rmula de profesi\u00f3n, tal cual como lo hizo hace 75 a\u00f1os.<\/p>\n<p>&nbsp;<\/p>\n<p><img data-recalc-dims=\"1\" loading=\"lazy\" decoding=\"async\" data-attachment-id=\"53906\" data-permalink=\"https:\/\/www.claret.org\/es\/tallado-de-un-diamante-75-anos-de-vida-religiosa\/mx-20190716-75-anos-de-profesion-1\/\" data-orig-file=\"https:\/\/i0.wp.com\/www.claret.org\/wp-content\/uploads\/2019\/07\/MX-20190716-75-a%C3%B1os-de-profesi%C3%B3n-1.jpg?fit=1280%2C622&amp;ssl=1\" data-orig-size=\"1280,622\" data-comments-opened=\"0\" data-image-meta=\"{&quot;aperture&quot;:&quot;0&quot;,&quot;credit&quot;:&quot;&quot;,&quot;camera&quot;:&quot;&quot;,&quot;caption&quot;:&quot;&quot;,&quot;created_timestamp&quot;:&quot;0&quot;,&quot;copyright&quot;:&quot;&quot;,&quot;focal_length&quot;:&quot;0&quot;,&quot;iso&quot;:&quot;0&quot;,&quot;shutter_speed&quot;:&quot;0&quot;,&quot;title&quot;:&quot;&quot;,&quot;orientation&quot;:&quot;0&quot;}\" data-image-title=\"MX-20190716 75 a\u00f1os de profesi\u00f3n (1)\" data-image-description=\"\" data-image-caption=\"\" data-large-file=\"https:\/\/i0.wp.com\/www.claret.org\/wp-content\/uploads\/2019\/07\/MX-20190716-75-a%C3%B1os-de-profesi%C3%B3n-1.jpg?fit=1024%2C498&amp;ssl=1\" class=\"alignnone size-full wp-image-53906\" src=\"https:\/\/i0.wp.com\/www.claret.org\/wp-content\/uploads\/2019\/07\/MX-20190716-75-a%C3%B1os-de-profesi%C3%B3n-1.jpg?resize=1080%2C525&#038;ssl=1\" alt=\"\" width=\"1080\" height=\"525\" title=\"\" srcset=\"https:\/\/i0.wp.com\/www.claret.org\/wp-content\/uploads\/2019\/07\/MX-20190716-75-a%C3%B1os-de-profesi%C3%B3n-1.jpg?w=1280&amp;ssl=1 1280w, https:\/\/i0.wp.com\/www.claret.org\/wp-content\/uploads\/2019\/07\/MX-20190716-75-a%C3%B1os-de-profesi%C3%B3n-1.jpg?resize=300%2C146&amp;ssl=1 300w, https:\/\/i0.wp.com\/www.claret.org\/wp-content\/uploads\/2019\/07\/MX-20190716-75-a%C3%B1os-de-profesi%C3%B3n-1.jpg?resize=768%2C373&amp;ssl=1 768w, https:\/\/i0.wp.com\/www.claret.org\/wp-content\/uploads\/2019\/07\/MX-20190716-75-a%C3%B1os-de-profesi%C3%B3n-1.jpg?resize=1024%2C498&amp;ssl=1 1024w, https:\/\/i0.wp.com\/www.claret.org\/wp-content\/uploads\/2019\/07\/MX-20190716-75-a%C3%B1os-de-profesi%C3%B3n-1.jpg?resize=1080%2C525&amp;ssl=1 1080w\" sizes=\"(max-width: 1080px) 100vw, 1080px\" \/><\/p>\n<p>Los misioneros claretianos de M\u00e9xico, unidos al gozo congregacional por el aniversario 170 de fundaci\u00f3n, dan gracias a Dios por el don de la fidelidad a la vocaci\u00f3n concedida a nuestro hermano, el m\u00e1s longevo de la Provincia de M\u00e9xico actualmente.<\/p>\n<p>&nbsp;<\/p>\n<p><img data-recalc-dims=\"1\" loading=\"lazy\" decoding=\"async\" data-attachment-id=\"53912\" data-permalink=\"https:\/\/www.claret.org\/es\/tallado-de-un-diamante-75-anos-de-vida-religiosa\/mx-20190716-75-anos-de-profesion-3\/\" data-orig-file=\"https:\/\/i0.wp.com\/www.claret.org\/wp-content\/uploads\/2019\/07\/MX-20190716-75-a%C3%B1os-de-profesi%C3%B3n-3.jpg?fit=1280%2C622&amp;ssl=1\" data-orig-size=\"1280,622\" data-comments-opened=\"0\" data-image-meta=\"{&quot;aperture&quot;:&quot;0&quot;,&quot;credit&quot;:&quot;&quot;,&quot;camera&quot;:&quot;&quot;,&quot;caption&quot;:&quot;&quot;,&quot;created_timestamp&quot;:&quot;0&quot;,&quot;copyright&quot;:&quot;&quot;,&quot;focal_length&quot;:&quot;0&quot;,&quot;iso&quot;:&quot;0&quot;,&quot;shutter_speed&quot;:&quot;0&quot;,&quot;title&quot;:&quot;&quot;,&quot;orientation&quot;:&quot;0&quot;}\" data-image-title=\"MX-20190716 75 a\u00f1os de profesi\u00f3n (3)\" data-image-description=\"\" data-image-caption=\"\" data-large-file=\"https:\/\/i0.wp.com\/www.claret.org\/wp-content\/uploads\/2019\/07\/MX-20190716-75-a%C3%B1os-de-profesi%C3%B3n-3.jpg?fit=1024%2C498&amp;ssl=1\" class=\"alignnone size-full wp-image-53912\" src=\"https:\/\/i0.wp.com\/www.claret.org\/wp-content\/uploads\/2019\/07\/MX-20190716-75-a%C3%B1os-de-profesi%C3%B3n-3.jpg?resize=1080%2C525&#038;ssl=1\" alt=\"\" width=\"1080\" height=\"525\" title=\"\" srcset=\"https:\/\/i0.wp.com\/www.claret.org\/wp-content\/uploads\/2019\/07\/MX-20190716-75-a%C3%B1os-de-profesi%C3%B3n-3.jpg?w=1280&amp;ssl=1 1280w, https:\/\/i0.wp.com\/www.claret.org\/wp-content\/uploads\/2019\/07\/MX-20190716-75-a%C3%B1os-de-profesi%C3%B3n-3.jpg?resize=300%2C146&amp;ssl=1 300w, https:\/\/i0.wp.com\/www.claret.org\/wp-content\/uploads\/2019\/07\/MX-20190716-75-a%C3%B1os-de-profesi%C3%B3n-3.jpg?resize=768%2C373&amp;ssl=1 768w, https:\/\/i0.wp.com\/www.claret.org\/wp-content\/uploads\/2019\/07\/MX-20190716-75-a%C3%B1os-de-profesi%C3%B3n-3.jpg?resize=1024%2C498&amp;ssl=1 1024w, https:\/\/i0.wp.com\/www.claret.org\/wp-content\/uploads\/2019\/07\/MX-20190716-75-a%C3%B1os-de-profesi%C3%B3n-3.jpg?resize=1080%2C525&amp;ssl=1 1080w\" sizes=\"(max-width: 1080px) 100vw, 1080px\" \/><\/p>\n","protected":false},"excerpt":{"rendered":"<p>Ciudad de M\u00e9xico, M\u00e9xico. As\u00ed como el diamante debe tallarse a trav\u00e9s de un proceso espec\u00edfico para adquirir el brillo y forma que encantan la vista y vac\u00eda el bolsillo, as\u00ed tambi\u00e9n la vida de un consagrado se va tallando con el desgaste del paso de los a\u00f1os y mediante un proceso continuado de formaci\u00f3n, [&hellip;]<\/p>\n","protected":false},"author":2,"featured_media":53918,"comment_status":"closed","ping_status":"closed","sticky":false,"template":"","format":"standard","meta":{"_et_pb_use_builder":"","_et_pb_old_content":"","_et_gb_content_width":"","footnotes":""},"categories":[551,386],"tags":[],"class_list":["post-53905","post","type-post","status-publish","format-standard","has-post-thumbnail","hentry","category-aniversario-de-la-profesion","category-mexico-es"],"jetpack_featured_media_url":"https:\/\/i0.wp.com\/www.claret.org\/wp-content\/uploads\/2019\/07\/MX-20190716-75-a%C3%B1os-de-profesi%C3%B3n-2.jpg?fit=1280%2C622&ssl=1","jetpack_sharing_enabled":true,"jetpack_shortlink":"https:\/\/wp.me\/pdaBmi-e1r","jetpack_likes_enabled":true,"_links":{"self":[{"href":"https:\/\/www.claret.org\/es\/wp-json\/wp\/v2\/posts\/53905","targetHints":{"allow":["GET"]}}],"collection":[{"href":"https:\/\/www.claret.org\/es\/wp-json\/wp\/v2\/posts"}],"about":[{"href":"https:\/\/www.claret.org\/es\/wp-json\/wp\/v2\/types\/post"}],"author":[{"embeddable":true,"href":"https:\/\/www.claret.org\/es\/wp-json\/wp\/v2\/users\/2"}],"replies":[{"embeddable":true,"href":"https:\/\/www.claret.org\/es\/wp-json\/wp\/v2\/comments?post=53905"}],"version-history":[{"count":0,"href":"https:\/\/www.claret.org\/es\/wp-json\/wp\/v2\/posts\/53905\/revisions"}],"wp:featuredmedia":[{"embeddable":true,"href":"https:\/\/www.claret.org\/es\/wp-json\/wp\/v2\/media\/53918"}],"wp:attachment":[{"href":"https:\/\/www.claret.org\/es\/wp-json\/wp\/v2\/media?parent=53905"}],"wp:term":[{"taxonomy":"category","embeddable":true,"href":"https:\/\/www.claret.org\/es\/wp-json\/wp\/v2\/categories?post=53905"},{"taxonomy":"post_tag","embeddable":true,"href":"https:\/\/www.claret.org\/es\/wp-json\/wp\/v2\/tags?post=53905"}],"curies":[{"name":"wp","href":"https:\/\/api.w.org\/{rel}","templated":true}]}}