{"id":54083,"date":"2012-02-17T09:44:50","date_gmt":"2012-02-17T08:44:50","guid":{"rendered":"https:\/\/www.claret.org\/nueva-evangelizacion-y-pastoral-juvenil\/"},"modified":"2012-02-17T09:44:50","modified_gmt":"2012-02-17T08:44:50","slug":"nueva-evangelizacion-y-pastoral-juvenil","status":"publish","type":"post","link":"https:\/\/www.claret.org\/es\/nueva-evangelizacion-y-pastoral-juvenil\/","title":{"rendered":"Nueva Evangelizaci\u00f3n y Pastoral Juvenil"},"content":{"rendered":"<p><strong>Bayam\u00f3n, Puerto Rico<\/strong>. Durante los d\u00edas 30, 31 de enero y 1 de febrero, en los locales de la Parroquia de San Antonio Mar\u00eda Claret, se ha celebrado un Taller con los animadores de la Pastoral juvenil de la zona de Bayam\u00f3n.<\/p>\n<p>En esta ciudad los Misioneros Claretianos atendemos varias parroquias, un centro acad\u00e9mico y diversas capillas. La participaci\u00f3n en este Taller roz\u00f3 el centenar de asistentes, cuya mayor parte colabora en la actualidad en la pastoral juvenil de sus respectivos centros.<\/p>\n<p>Adem\u00e1s del P. H\u00e9ctor Cuadrado, Superior de la Delegaci\u00f3n, participaron claretianos de las tres comunidades. Coordin\u00f3 el P. Juan Carlos Martos, desarrollando temas como la identidad, formaci\u00f3n y servicios del Animador de Pastoral Juvenil (APJ), el equipo de APJ y c\u00f3mo impulsar la <em>Nueva Evangelizaci\u00f3n <\/em>de los j\u00f3venes.<\/p>\n<p>Este Taller, adem\u00e1s de constituir un importante espacio formativo, ha impulsado una m\u00e1s estrecha coordinaci\u00f3n de la Pastoral Juvenil de la zona donde los claretianos estamos presentes y crear plataformas m\u00e1s misioneras de acercamiento a los j\u00f3venes alejados de la Iglesia y de la fe.<\/p>\n","protected":false},"excerpt":{"rendered":"<p>Bayam\u00f3n, Puerto Rico. Durante los d\u00edas 30, 31 de enero y 1 de febrero, en los locales de la Parroquia de San Antonio Mar\u00eda Claret, se ha celebrado un Taller con los animadores de la Pastoral juvenil de la zona de Bayam\u00f3n. En esta ciudad los Misioneros Claretianos atendemos varias parroquias, un centro acad\u00e9mico y [&hellip;]<\/p>\n","protected":false},"author":1,"featured_media":54077,"comment_status":"closed","ping_status":"closed","sticky":false,"template":"","format":"standard","meta":{"_et_pb_use_builder":"","_et_pb_old_content":"","_et_gb_content_width":"","footnotes":""},"categories":[361,1097,485],"tags":[],"class_list":["post-54083","post","type-post","status-publish","format-standard","has-post-thumbnail","hentry","category-antillas-es","category-parroquias","category-pastoral-juvenil-vocacional"],"jetpack_featured_media_url":"https:\/\/i0.wp.com\/www.claret.org\/wp-content\/uploads\/2019\/07\/PR_Taller_1.jpg?fit=450%2C297&ssl=1","jetpack_sharing_enabled":true,"jetpack_shortlink":"https:\/\/wp.me\/pdaBmi-e4j","jetpack_likes_enabled":true,"_links":{"self":[{"href":"https:\/\/www.claret.org\/es\/wp-json\/wp\/v2\/posts\/54083","targetHints":{"allow":["GET"]}}],"collection":[{"href":"https:\/\/www.claret.org\/es\/wp-json\/wp\/v2\/posts"}],"about":[{"href":"https:\/\/www.claret.org\/es\/wp-json\/wp\/v2\/types\/post"}],"author":[{"embeddable":true,"href":"https:\/\/www.claret.org\/es\/wp-json\/wp\/v2\/users\/1"}],"replies":[{"embeddable":true,"href":"https:\/\/www.claret.org\/es\/wp-json\/wp\/v2\/comments?post=54083"}],"version-history":[{"count":0,"href":"https:\/\/www.claret.org\/es\/wp-json\/wp\/v2\/posts\/54083\/revisions"}],"wp:featuredmedia":[{"embeddable":true,"href":"https:\/\/www.claret.org\/es\/wp-json\/wp\/v2\/media\/54077"}],"wp:attachment":[{"href":"https:\/\/www.claret.org\/es\/wp-json\/wp\/v2\/media?parent=54083"}],"wp:term":[{"taxonomy":"category","embeddable":true,"href":"https:\/\/www.claret.org\/es\/wp-json\/wp\/v2\/categories?post=54083"},{"taxonomy":"post_tag","embeddable":true,"href":"https:\/\/www.claret.org\/es\/wp-json\/wp\/v2\/tags?post=54083"}],"curies":[{"name":"wp","href":"https:\/\/api.w.org\/{rel}","templated":true}]}}