{"id":54156,"date":"2012-02-06T10:44:41","date_gmt":"2012-02-06T09:44:41","guid":{"rendered":"https:\/\/www.claret.org\/gobierno-de-la-delegacion-dependiente-de-sri-lanka\/"},"modified":"2012-02-06T10:44:41","modified_gmt":"2012-02-06T09:44:41","slug":"gobierno-de-la-delegacion-dependiente-de-sri-lanka","status":"publish","type":"post","link":"https:\/\/www.claret.org\/es\/gobierno-de-la-delegacion-dependiente-de-sri-lanka\/","title":{"rendered":"Gobierno de la Delegaci\u00f3n Dependiente de Sri Lanka"},"content":{"rendered":"<div class=\"field field-name-body field-type-text-with-summary field-label-hidden\">\n<div class=\"field-items\">\n<div class=\"field-item even\">\n<p><strong>Sri Lanka<\/strong>. El 2 de febrero de 2012, Fiesta de la Presentaci\u00f3n del Se\u00f1or, se ha celebrado el cambio de estatuto de la Misi\u00f3n de Sri Lanka que ha pasado a ser una delegaci\u00f3n dependiente de la Provincia de Alemania.<\/p>\n<p>Para ello se ha tenido la celebraci\u00f3n eucar\u00edstica que fue presidida por el Nuncio Apost\u00f3lico en Sri Lanka, Mons. Joseph Spiteri. Entre los concelebrantes se encontraban el Prefecto General de Formaci\u00f3n, P. MathewVattamattam y el Superior Provincial de Alemania, P. Stefan Wolf quien ley\u00f3 el decreto de erecci\u00f3n firmado por el P. General.<\/p>\n<p>La nueva Delegaci\u00f3n ser\u00e1 gobernada por el P. Joy Mariaratnam como Superior Delegado, el P. Satheesh Saverimuthu, como Ec\u00f3nomo y el P. Rohan Dominic, como Consultor.<\/p>\n<p><img data-recalc-dims=\"1\" loading=\"lazy\" decoding=\"async\" class=\"smartresize alignright\" src=\"https:\/\/i0.wp.com\/www2.claret.org\/sites\/default\/files\/imagenes\/Noticias\/Fr._Joy_professing_the_faith._Fr._Sathish_stands_near.jpg?resize=450%2C337\" alt=\"Fr._Joy_professing_the_faith._Fr._Sathish_stands_near\" width=\"450\" height=\"337\" title=\"\"><\/p>\n<p>Este a\u00f1o tambi\u00e9n marca el vig\u00e9simo aniversario de la primera fundaci\u00f3n de la Congregaci\u00f3n en Sri Lanka. En la actualidad hay 35 miembros profesosde la Delegaci\u00f3n que incluye a 23 sacerdotes y 3 di\u00e1conos. Tambi\u00e9n hay 30 postulantes en las diferentes etapas de la formaci\u00f3n inicial.<\/p>\n<p><em>Foto: arriba, un momento de la celebraci\u00f3n. Abajo, el P. Joy Mariaratnam emite la profesi\u00f3n de fe en las manos del P. Stefan Wolf.<\/em><\/p>\n<\/div>\n<\/div>\n<\/div>\n<div class=\"field field-name-field-noticia-autor-alias field-type-text field-label-hidden\">\n<div class=\"field-items\">\n<div class=\"field-item even\">Mathew<\/div>\n<\/div>\n<\/div>\n","protected":false},"excerpt":{"rendered":"<p>Sri Lanka. El 2 de febrero de 2012, Fiesta de la Presentaci\u00f3n del Se\u00f1or, se ha celebrado el cambio de estatuto de la Misi\u00f3n de Sri Lanka que ha pasado a ser una delegaci\u00f3n dependiente de la Provincia de Alemania. Para ello se ha tenido la celebraci\u00f3n eucar\u00edstica que fue presidida por el Nuncio Apost\u00f3lico [&hellip;]<\/p>\n","protected":false},"author":1,"featured_media":54150,"comment_status":"closed","ping_status":"closed","sticky":false,"template":"","format":"standard","meta":{"_et_pb_use_builder":"","_et_pb_old_content":"","_et_gb_content_width":"","footnotes":""},"categories":[246],"tags":[],"class_list":["post-54156","post","type-post","status-publish","format-standard","has-post-thumbnail","hentry","category-st-joseph-vaz-es"],"jetpack_featured_media_url":"https:\/\/i0.wp.com\/www.claret.org\/wp-content\/uploads\/2019\/07\/inaguration1.jpg?fit=450%2C337&ssl=1","jetpack_sharing_enabled":true,"jetpack_shortlink":"https:\/\/wp.me\/pdaBmi-e5u","jetpack_likes_enabled":true,"_links":{"self":[{"href":"https:\/\/www.claret.org\/es\/wp-json\/wp\/v2\/posts\/54156","targetHints":{"allow":["GET"]}}],"collection":[{"href":"https:\/\/www.claret.org\/es\/wp-json\/wp\/v2\/posts"}],"about":[{"href":"https:\/\/www.claret.org\/es\/wp-json\/wp\/v2\/types\/post"}],"author":[{"embeddable":true,"href":"https:\/\/www.claret.org\/es\/wp-json\/wp\/v2\/users\/1"}],"replies":[{"embeddable":true,"href":"https:\/\/www.claret.org\/es\/wp-json\/wp\/v2\/comments?post=54156"}],"version-history":[{"count":0,"href":"https:\/\/www.claret.org\/es\/wp-json\/wp\/v2\/posts\/54156\/revisions"}],"wp:featuredmedia":[{"embeddable":true,"href":"https:\/\/www.claret.org\/es\/wp-json\/wp\/v2\/media\/54150"}],"wp:attachment":[{"href":"https:\/\/www.claret.org\/es\/wp-json\/wp\/v2\/media?parent=54156"}],"wp:term":[{"taxonomy":"category","embeddable":true,"href":"https:\/\/www.claret.org\/es\/wp-json\/wp\/v2\/categories?post=54156"},{"taxonomy":"post_tag","embeddable":true,"href":"https:\/\/www.claret.org\/es\/wp-json\/wp\/v2\/tags?post=54156"}],"curies":[{"name":"wp","href":"https:\/\/api.w.org\/{rel}","templated":true}]}}