{"id":54339,"date":"2012-01-16T12:18:08","date_gmt":"2012-01-16T11:18:08","guid":{"rendered":"https:\/\/www.claret.org\/el-p-abella-entrevistado-por-la-vanguardia\/"},"modified":"2012-01-16T12:18:08","modified_gmt":"2012-01-16T11:18:08","slug":"el-p-abella-entrevistado-por-la-vanguardia","status":"publish","type":"post","link":"https:\/\/www.claret.org\/es\/el-p-abella-entrevistado-por-la-vanguardia\/","title":{"rendered":"El P. Abella entrevistado por \u00abLa Vanguardia\u00bb"},"content":{"rendered":"<p><strong>Barcelona, Espa\u00f1a<\/strong>. El diario catal\u00e1n \u00abLa Vanguardia\u00bb del 8 de enero de 2012 ha publicado una entrevista al P. Josep Ma. Abella CMF.<\/p>\n<div><\/div>\n<p>La autora de la entrevista, Mar\u00eda-Paz L\u00f3pez, plantea diversas preguntas que dan oportunidad al P. General para exponer su pensamiento sobre la congregaci\u00f3n y la vida religiosa actual. Los lectores de lenguia espa\u00f1ola pueden leer directamente <strong><a href=\"http:\/\/t.co\/7tJlG1d4\" rel=\"nofollow\">la entrevista AQU\u00cd<\/a><\/strong>.<\/p>\n","protected":false},"excerpt":{"rendered":"<p>Barcelona, Espa\u00f1a. El diario catal\u00e1n \u00abLa Vanguardia\u00bb del 8 de enero de 2012 ha publicado una entrevista al P. Josep Ma. Abella CMF. La autora de la entrevista, Mar\u00eda-Paz L\u00f3pez, plantea diversas preguntas que dan oportunidad al P. General para exponer su pensamiento sobre la congregaci\u00f3n y la vida religiosa actual. Los lectores de lenguia [&hellip;]<\/p>\n","protected":false},"author":1,"featured_media":54333,"comment_status":"closed","ping_status":"closed","sticky":false,"template":"","format":"standard","meta":{"_et_pb_use_builder":"","_et_pb_old_content":"","_et_gb_content_width":"","footnotes":""},"categories":[291,1613,432],"tags":[],"class_list":["post-54339","post","type-post","status-publish","format-standard","has-post-thumbnail","hentry","category-catalunya-es","category-josep-abella-batlle-es","category-tics"],"jetpack_featured_media_url":"https:\/\/i0.wp.com\/www.claret.org\/wp-content\/uploads\/2019\/07\/abella_Vanguardia.jpg?fit=400%2C293&ssl=1","jetpack_sharing_enabled":true,"jetpack_shortlink":"https:\/\/wp.me\/pdaBmi-e8r","jetpack_likes_enabled":true,"_links":{"self":[{"href":"https:\/\/www.claret.org\/es\/wp-json\/wp\/v2\/posts\/54339","targetHints":{"allow":["GET"]}}],"collection":[{"href":"https:\/\/www.claret.org\/es\/wp-json\/wp\/v2\/posts"}],"about":[{"href":"https:\/\/www.claret.org\/es\/wp-json\/wp\/v2\/types\/post"}],"author":[{"embeddable":true,"href":"https:\/\/www.claret.org\/es\/wp-json\/wp\/v2\/users\/1"}],"replies":[{"embeddable":true,"href":"https:\/\/www.claret.org\/es\/wp-json\/wp\/v2\/comments?post=54339"}],"version-history":[{"count":0,"href":"https:\/\/www.claret.org\/es\/wp-json\/wp\/v2\/posts\/54339\/revisions"}],"wp:featuredmedia":[{"embeddable":true,"href":"https:\/\/www.claret.org\/es\/wp-json\/wp\/v2\/media\/54333"}],"wp:attachment":[{"href":"https:\/\/www.claret.org\/es\/wp-json\/wp\/v2\/media?parent=54339"}],"wp:term":[{"taxonomy":"category","embeddable":true,"href":"https:\/\/www.claret.org\/es\/wp-json\/wp\/v2\/categories?post=54339"},{"taxonomy":"post_tag","embeddable":true,"href":"https:\/\/www.claret.org\/es\/wp-json\/wp\/v2\/tags?post=54339"}],"curies":[{"name":"wp","href":"https:\/\/api.w.org\/{rel}","templated":true}]}}