{"id":54523,"date":"2011-12-27T15:51:46","date_gmt":"2011-12-27T14:51:46","guid":{"rendered":"https:\/\/www.claret.org\/visita-a-las-misiones-de-ghana\/"},"modified":"2011-12-27T15:51:46","modified_gmt":"2011-12-27T14:51:46","slug":"visita-a-las-misiones-de-ghana","status":"publish","type":"post","link":"https:\/\/www.claret.org\/es\/visita-a-las-misiones-de-ghana\/","title":{"rendered":"Visita a las misiones de Ghana"},"content":{"rendered":"<p><strong>Damango, Ghana<\/strong>. El Prefecto General de Apostolado, P. Miguel A. Velasco CMF, ha visitado recientemente las misiones de Ghana, atendidas por los claretianos de la Provincia de Nigeria.  Al finalizar la visita nos comparte estas impresiones.<\/p>\n<div><\/div>\n<p>(&#8230;) entre los d\u00edas 5 al 20 de diciembre de 2011, tuve ocasi\u00f3n de visitar las parroquias de Koluedor (Accra), Akropong (Kumasi), Abuakwa (Kumasi), Buipe (Damango) y Jamdede (Sunyani). En la actualidad hay en Ghana diez claretianos nigerianos y, en el seminario de la provincia de Nigeria, tres estudiantes ganeses.<\/p>\n<p>La misi\u00f3n est\u00e1 fuertemente asentada en las cinco parroquias mencionadas que cuentan con una sede central y de entre nueve y doce comunidades m\u00e1s peque\u00f1as. Cada parroquia tiene su Consejo parroquial que coordina la actividad misionera del territorio parroquial; de \u00e9l forman parte cada uno de los coordinadores laicos \u2013catequistas- de cada una de las comunidades parroquiales.<\/p>\n<p>Las parroquias est\u00e1n situadas en cuatro di\u00f3cesis distribuidas de sur a norte en el pa\u00eds. Cada una tiene su peculiaridad, bien por estar situada en una zona m\u00e1s rural o ciudadana o por estar situada en zona de mayor porcentaje de cat\u00f3licos. En Ghana hay un 16% de musulmanes, un 20% que practican las religiones tradicionales y un 63 % de cristianos, siendo, aproximadamente el  13 % -de los 25 millones de habitantes del pa\u00eds- cat\u00f3licos.<\/p>\n<p>En la actualidad, despu\u00e9s de catorce a\u00f1os de presencia claretiana en Ghana, comienza una nueva etapa en la que se pueden perfilar mejor las prioridades y objetivos del estilo que ha de caracterizar la presencia claretiana en este pa\u00eds. En las conversaciones con los obispos de las cuatro di\u00f3cesis han aparecido prioridades como el trabajo b\u00edblico, la formaci\u00f3n de los catequistas, el impulso a la pastoral juvenil o la preocupaci\u00f3n por JPIC y el di\u00e1logo ecum\u00e9nico e interreligioso. Una gran prioridad entre todas: la pastoral vocacional; es necesario ir formando poco a poco un grupo de claretianos nacidos en Ghana que, en el medio plazo, puedan impulsar la presencia claretiana en este pa\u00eds. Como se puede ver, todas las prioridades forman parte del conjunto de opciones de nuestros cap\u00edtulos generales.<\/p>\n<p>Toca ahora al Gobierno provincial de Nigeria y a los claretianos presentes en Ghana buscar formas concretas para poner todo esto en marcha. Por supuesto que podr\u00e1n contar, en todo momento, con la ayuda del Gobierno general. Creo que los Misioneros claretianos podemos hacer una importante aportaci\u00f3n al desarrollo de la Iglesia en Ghana.<\/p>\n<p>S\u00f3lo me queda ya dar las gracias. Gracias a todos por la acogida verdaderamente fraterna que todos me hab\u00e9is dispensado, pero especialmente  a E. Francis Nana, P. Calistus Emenyuonu, P. Joseph Egbu, P. Declan Ugorji y P. Olisaemeka Oranebo que compartiron conmigo las horas de viaje en coche y autob\u00fas. Con todos los presentes durante mi estancia pude compartir muchas cosas, pero especialmente con ellos.<\/p>\n<p>Podr\u00e9is encontrar reportajes sobre Ghana en: <a href=\"http:\/\/www.apostoladocmf.org\/\" rel=\"nofollow noopener\" target=\"_blank\">www.apostoladocmf.org<\/a><\/p>\n<p>Miguel \u00c1ngel Velasco cmf<br \/>\nPrefecto general de Apostolado<\/p>\n","protected":false},"excerpt":{"rendered":"<p>Damango, Ghana. El Prefecto General de Apostolado, P. Miguel A. Velasco CMF, ha visitado recientemente las misiones de Ghana, atendidas por los claretianos de la Provincia de Nigeria. Al finalizar la visita nos comparte estas impresiones. (&#8230;) entre los d\u00edas 5 al 20 de diciembre de 2011, tuve ocasi\u00f3n de visitar las parroquias de Koluedor [&hellip;]<\/p>\n","protected":false},"author":1,"featured_media":54518,"comment_status":"closed","ping_status":"closed","sticky":false,"template":"","format":"standard","meta":{"_et_pb_use_builder":"","_et_pb_old_content":"","_et_gb_content_width":"","footnotes":""},"categories":[142,608],"tags":[],"class_list":["post-54523","post","type-post","status-publish","format-standard","has-post-thumbnail","hentry","category-east-nigeria-es","category-mision-viva"],"jetpack_featured_media_url":"https:\/\/i0.wp.com\/www.claret.org\/wp-content\/uploads\/2019\/07\/Gahana1.jpg?fit=450%2C348&ssl=1","jetpack_sharing_enabled":true,"jetpack_shortlink":"https:\/\/wp.me\/pdaBmi-ebp","jetpack_likes_enabled":true,"_links":{"self":[{"href":"https:\/\/www.claret.org\/es\/wp-json\/wp\/v2\/posts\/54523","targetHints":{"allow":["GET"]}}],"collection":[{"href":"https:\/\/www.claret.org\/es\/wp-json\/wp\/v2\/posts"}],"about":[{"href":"https:\/\/www.claret.org\/es\/wp-json\/wp\/v2\/types\/post"}],"author":[{"embeddable":true,"href":"https:\/\/www.claret.org\/es\/wp-json\/wp\/v2\/users\/1"}],"replies":[{"embeddable":true,"href":"https:\/\/www.claret.org\/es\/wp-json\/wp\/v2\/comments?post=54523"}],"version-history":[{"count":0,"href":"https:\/\/www.claret.org\/es\/wp-json\/wp\/v2\/posts\/54523\/revisions"}],"wp:featuredmedia":[{"embeddable":true,"href":"https:\/\/www.claret.org\/es\/wp-json\/wp\/v2\/media\/54518"}],"wp:attachment":[{"href":"https:\/\/www.claret.org\/es\/wp-json\/wp\/v2\/media?parent=54523"}],"wp:term":[{"taxonomy":"category","embeddable":true,"href":"https:\/\/www.claret.org\/es\/wp-json\/wp\/v2\/categories?post=54523"},{"taxonomy":"post_tag","embeddable":true,"href":"https:\/\/www.claret.org\/es\/wp-json\/wp\/v2\/tags?post=54523"}],"curies":[{"name":"wp","href":"https:\/\/api.w.org\/{rel}","templated":true}]}}