{"id":54616,"date":"2011-12-06T16:38:16","date_gmt":"2011-12-06T15:38:16","guid":{"rendered":"https:\/\/www.claret.org\/centenario-del-templo-de-krasnoyarsk\/"},"modified":"2011-12-06T16:38:16","modified_gmt":"2011-12-06T15:38:16","slug":"centenario-del-templo-de-krasnoyarsk","status":"publish","type":"post","link":"https:\/\/www.claret.org\/es\/centenario-del-templo-de-krasnoyarsk\/","title":{"rendered":"Centenario del Templo de Krasnoyarsk"},"content":{"rendered":"<div class=\"field field-name-body field-type-text-with-summary field-label-hidden\">\n<div class=\"field-items\">\n<div class=\"field-item even\">\n<p><strong>Krasnoyarsk, Siberia.<\/strong> Del 17 al 23 de octubre de 2011 la <em>Parroquia cat\u00f3lica de la Transfiguraci\u00f3n del Se\u00f1or <\/em>en Krasnoyarsk (Siberia, Federaci\u00f3n Rusa) ha celebrado los 100 a\u00f1os de su templo. La Parroquia actualmente est\u00e1 encomendada a los Misioneros Claretianos.<\/p>\n<div><\/div>\n<p>El Templo fue constru\u00eddo en 1911, seg\u00fan el proyecto del arquitecto de origen polaco Vladimir Sokolovski, y gracias a los donativos recogidos por todos los rincones del entonces Imperio Ruso.<\/p>\n<p>Con la llegada del poder sovi\u00e9tico el templo fue nacionalizado. Se us\u00f3 como cine, y m\u00e1s tarde fue transformado en Sala de conciertos de \u00f3rgano de la Filarm\u00f3nica de Krasnoyarsk. Al principio de los a\u00f1os 90, cuando tras much\u00edsimos a\u00f1os de ausencia, aparecieron los primeros sacerdotes cat\u00f3licos, se permiti\u00f3 a los fieles utilizar el templo, aunque continu\u00f3 funcionando simult\u00e1neamente como sala de \u00f3rgano.<\/p>\n<p>Despu\u00e9s de 20 a\u00f1os y a pesar de las numerosas solicitudes realizadas a las autoridades de diverso rango, el edificio hist\u00f3rico de la iglesia todav\u00eda no ha sido devuelto a los fieles. Sin ocultar sus grandes expectativas los parroquianos recibieron al gobernador de la regi\u00f3n de Krasnoyarsk, Lev Kuznesov, que vino el 22 de octubre a felicitar a los cat\u00f3licos con motivo de la celebraci\u00f3n jubilar. Durante su felicitaci\u00f3n el gobernador prometi\u00f3 devolver el edificio de la Iglesia a los fieles. Como respuesta el templo, lleno a rebosar, explot\u00f3 en aplausos.<\/p>\n<p>Durante esta semana de celebraciones pueden se\u00f1alarse muchos acontecimientos.<\/p>\n<p>Por parte de los parroquianos se organiz\u00f3 una exposici\u00f3n de trabajos de artistas de Krasnoyarsk, titulada \u201cCamino al Templo\u201d.<\/p>\n<p>Los representantes de otras confesiones cristianas felicitaron a los cat\u00f3licos con un concierto de m\u00fasica cristiana.<\/p>\n<p>\u201cLa tarde de la misericordia\u201d reuni\u00f3 bajo las b\u00f3vedas del templo a aquellos que no pueden acercarse con frecuencia hasta la iglesia por sus propios medios, a causa de la enfermedad o la edad.<\/p>\n<p>El culmen de la semana jubilar fue la misa dominical, presidida por el Nuncio de su Santidad en Mosc\u00fa, Monse\u00f1or Iv\u00e1n Yurkevich y el obispo de la di\u00f3cesis de San Jos\u00e9 en Irkutsk, Kirill Klimowicz, y concelebrada por 16 sacerdotes m\u00e1s, entre los cuales se contaba el P. Paul Smyth CMF, Vicario General de los Misioneros Claretianos.<\/p>\n<p>Un acontecimiento especialmente significativo para los cat\u00f3licos de Krasnoyarsk, durante esta semana, ha sido el encuentro de representantes de la jerarqu\u00eda cat\u00f3lica en Rusia (el Nuncio y el obispo de Irkutsk) con el recientemente nombrado metropolita ortodoxo de Krasnoyarsk y Achinsk, Pantelem\u00f3n; el primero despu\u00e9s de muchos a\u00f1os, desde el renacimiento de las parroquias cat\u00f3licas en Rusia.<\/p>\n<\/div>\n<\/div>\n<\/div>\n<div class=\"field field-name-field-noticia-autor-alias field-type-text field-label-hidden\">\n<div class=\"field-items\">\n<div class=\"field-item even\">Badura<\/div>\n<\/div>\n<\/div>\n","protected":false},"excerpt":{"rendered":"<p>Krasnoyarsk, Siberia. Del 17 al 23 de octubre de 2011 la Parroquia cat\u00f3lica de la Transfiguraci\u00f3n del Se\u00f1or en Krasnoyarsk (Siberia, Federaci\u00f3n Rusa) ha celebrado los 100 a\u00f1os de su templo. La Parroquia actualmente est\u00e1 encomendada a los Misioneros Claretianos. El Templo fue constru\u00eddo en 1911, seg\u00fan el proyecto del arquitecto de origen polaco Vladimir [&hellip;]<\/p>\n","protected":false},"author":1,"featured_media":54610,"comment_status":"closed","ping_status":"closed","sticky":false,"template":"","format":"standard","meta":{"_et_pb_use_builder":"","_et_pb_old_content":"","_et_gb_content_width":"","footnotes":""},"categories":[1097,335],"tags":[],"class_list":["post-54616","post","type-post","status-publish","format-standard","has-post-thumbnail","hentry","category-parroquias","category-polska-es"],"jetpack_featured_media_url":"https:\/\/i0.wp.com\/www.claret.org\/wp-content\/uploads\/2019\/07\/krasn-organ.jpg?fit=450%2C337&ssl=1","jetpack_sharing_enabled":true,"jetpack_shortlink":"https:\/\/wp.me\/pdaBmi-ecU","jetpack_likes_enabled":true,"_links":{"self":[{"href":"https:\/\/www.claret.org\/es\/wp-json\/wp\/v2\/posts\/54616","targetHints":{"allow":["GET"]}}],"collection":[{"href":"https:\/\/www.claret.org\/es\/wp-json\/wp\/v2\/posts"}],"about":[{"href":"https:\/\/www.claret.org\/es\/wp-json\/wp\/v2\/types\/post"}],"author":[{"embeddable":true,"href":"https:\/\/www.claret.org\/es\/wp-json\/wp\/v2\/users\/1"}],"replies":[{"embeddable":true,"href":"https:\/\/www.claret.org\/es\/wp-json\/wp\/v2\/comments?post=54616"}],"version-history":[{"count":0,"href":"https:\/\/www.claret.org\/es\/wp-json\/wp\/v2\/posts\/54616\/revisions"}],"wp:featuredmedia":[{"embeddable":true,"href":"https:\/\/www.claret.org\/es\/wp-json\/wp\/v2\/media\/54610"}],"wp:attachment":[{"href":"https:\/\/www.claret.org\/es\/wp-json\/wp\/v2\/media?parent=54616"}],"wp:term":[{"taxonomy":"category","embeddable":true,"href":"https:\/\/www.claret.org\/es\/wp-json\/wp\/v2\/categories?post=54616"},{"taxonomy":"post_tag","embeddable":true,"href":"https:\/\/www.claret.org\/es\/wp-json\/wp\/v2\/tags?post=54616"}],"curies":[{"name":"wp","href":"https:\/\/api.w.org\/{rel}","templated":true}]}}