{"id":54774,"date":"2011-11-21T17:53:04","date_gmt":"2011-11-21T16:53:04","guid":{"rendered":"https:\/\/www.claret.org\/la-casa-de-segovia-cumple-150-anos\/"},"modified":"2011-11-21T17:53:04","modified_gmt":"2011-11-21T16:53:04","slug":"la-casa-de-segovia-cumple-150-anos","status":"publish","type":"post","link":"https:\/\/www.claret.org\/es\/la-casa-de-segovia-cumple-150-anos\/","title":{"rendered":"La casa de Segovia cumple 150 a\u00f1os"},"content":{"rendered":"<div class=\"field field-name-body field-type-text-with-summary field-label-hidden\">\n<div class=\"field-items\">\n<div class=\"field-item even\">\n<p><strong>Segovia, Espa\u00f1a.<\/strong> Se van a cumplir 150 a\u00f1os de la fundaci\u00f3n de la casa de Segovia. Fue el 22 de noviembre de 1861 (el a\u00f1o de la \u201cgracia grande\u201d de Claret en \u201cLa Granja\u201d, cercana a esta ciudad), cuando llegaron los primeros misioneros a este lugar de Castilla fundar la tercera casa de la Congregaci\u00f3n.<\/p>\n<div><\/div>\n<p>En agosto de 1859 el P. Claret predic\u00f3 al clero y fieles de Segovia, causando una impresi\u00f3n tan \u00f3ptima, que el entonces Obispo de Segovia, Fray Rodrigo Echevarr\u00eda y Briones y su secretario, D. Ildefonso Infante, pidieron al mismo P. Fundador la venida de sus Misioneros. El P. Claret manifest\u00f3 estos deseos al P. Jos\u00e9 Xifr\u00e9, Superior General, y le anim\u00f3 en orden al posible establecimiento de los Hijos del Inmaculado Coraz\u00f3n de Mar\u00eda en esta ciudad.<\/p>\n<p>La comunidad que iniciaba su primeros pasos aquel 22 de noviembre de 1861 estaba formada por el P. Clemente Serrat, primer Superior de la comunidad y posteriormente Superior General, el P. Francisco Crusats, protom\u00e1rtir de la Congregaci\u00f3n, y el H. Jos\u00e9 Saladich. A los pocos d\u00edas se incorporar\u00edan los PP. Domingo F\u00e1bregas, confundador de la Congregaci\u00f3n, y Antonio Vilaseca. Y ya en el mes de diciembre, se completar\u00eda la comunidad con los PP. Donato Berenguer y Jos\u00e9 Maci\u00e1 y el H. Gin\u00e9s Capdevila.<\/p>\n<p>Desde aquella lejana fecha, ha trancurrido, variada y fecunda, la vida claretiana de esta comunidad durante 150 a\u00f1os. En Segovia decir \u00abMisioneros\u00bb es<br \/>\ndecir una historia, un estilo, una palabra evangelizadora: misiones populares, culto en la iglesia, atenci\u00f3n a comunidades religiosas, colaboraci\u00f3n en diferentes parroquias de la ciudad y de la Di\u00f3cesis, formaci\u00f3n de misioneros estudiantes y hermanos (postulantado en diversas \u00e9pocas, primer noviciado de Castilla, moralistado, filosofado\u2026), sede del Gobierno Provincial de Castilla durante m\u00e1s de 20 a\u00f1os, educaci\u00f3n cristiana y ense\u00f1anza, internado, grupos juveniles, escuelas de padres, familia, etc.<\/p>\n<p>Con motivo de esta fiesta jubilar se ha previsto para el d\u00eda 26 de noviembre del presente a\u00f1o una sencilla celebraci\u00f3n en la cual, al mismo tiempo que se har\u00e1 memoria de los numerosos misioneros que han pasado por esta casa, se elevar\u00e1 una acci\u00f3n de gracias al Se\u00f1or implorando su Esp\u00edritu que contin\u00fae urgiendo y animando a vivir con gozo y entega la vocaci\u00f3n misionera. (<a href=\"http:\/\/www2.claret.org\/es\/noticias\/17-11-2011\/index.php?option=com_rsgallery2&amp;page=inline&amp;id=1094&amp;Itemid=100262&amp;lang=es\" rel=\"nofollow noopener\" target=\"_blank\">Fotos<\/a>)<\/p>\n<\/div>\n<\/div>\n<\/div>\n<div class=\"field field-name-field-noticia-autor-alias field-type-text field-label-hidden\">\n<div class=\"field-items\">\n<div class=\"field-item even\">Justino M<\/div>\n<\/div>\n<\/div>\n","protected":false},"excerpt":{"rendered":"<p>Segovia, Espa\u00f1a. Se van a cumplir 150 a\u00f1os de la fundaci\u00f3n de la casa de Segovia. Fue el 22 de noviembre de 1861 (el a\u00f1o de la \u201cgracia grande\u201d de Claret en \u201cLa Granja\u201d, cercana a esta ciudad), cuando llegaron los primeros misioneros a este lugar de Castilla fundar la tercera casa de la Congregaci\u00f3n. [&hellip;]<\/p>\n","protected":false},"author":1,"featured_media":54768,"comment_status":"closed","ping_status":"closed","sticky":false,"template":"","format":"standard","meta":{"_et_pb_use_builder":"","_et_pb_old_content":"","_et_gb_content_width":"","footnotes":""},"categories":[533,341],"tags":[],"class_list":["post-54774","post","type-post","status-publish","format-standard","has-post-thumbnail","hentry","category-la-congregacion","category-santiago-es"],"jetpack_featured_media_url":"https:\/\/i0.wp.com\/www.claret.org\/wp-content\/uploads\/2019\/07\/Segovia_1.jpg?fit=450%2C349&ssl=1","jetpack_sharing_enabled":true,"jetpack_shortlink":"https:\/\/wp.me\/pdaBmi-efs","jetpack_likes_enabled":true,"_links":{"self":[{"href":"https:\/\/www.claret.org\/es\/wp-json\/wp\/v2\/posts\/54774","targetHints":{"allow":["GET"]}}],"collection":[{"href":"https:\/\/www.claret.org\/es\/wp-json\/wp\/v2\/posts"}],"about":[{"href":"https:\/\/www.claret.org\/es\/wp-json\/wp\/v2\/types\/post"}],"author":[{"embeddable":true,"href":"https:\/\/www.claret.org\/es\/wp-json\/wp\/v2\/users\/1"}],"replies":[{"embeddable":true,"href":"https:\/\/www.claret.org\/es\/wp-json\/wp\/v2\/comments?post=54774"}],"version-history":[{"count":0,"href":"https:\/\/www.claret.org\/es\/wp-json\/wp\/v2\/posts\/54774\/revisions"}],"wp:featuredmedia":[{"embeddable":true,"href":"https:\/\/www.claret.org\/es\/wp-json\/wp\/v2\/media\/54768"}],"wp:attachment":[{"href":"https:\/\/www.claret.org\/es\/wp-json\/wp\/v2\/media?parent=54774"}],"wp:term":[{"taxonomy":"category","embeddable":true,"href":"https:\/\/www.claret.org\/es\/wp-json\/wp\/v2\/categories?post=54774"},{"taxonomy":"post_tag","embeddable":true,"href":"https:\/\/www.claret.org\/es\/wp-json\/wp\/v2\/tags?post=54774"}],"curies":[{"name":"wp","href":"https:\/\/api.w.org\/{rel}","templated":true}]}}