{"id":54866,"date":"2011-11-08T18:38:24","date_gmt":"2011-11-08T17:38:24","guid":{"rendered":"https:\/\/www.claret.org\/iglesia-y-cultura-digital-en-a-l-participacion-claretiana\/"},"modified":"2011-11-08T18:38:24","modified_gmt":"2011-11-08T17:38:24","slug":"iglesia-y-cultura-digital-en-a-l-participacion-claretiana","status":"publish","type":"post","link":"https:\/\/www.claret.org\/es\/iglesia-y-cultura-digital-en-a-l-participacion-claretiana\/","title":{"rendered":"Iglesia y Cultura Digital en A.L. Participaci\u00f3n claretiana."},"content":{"rendered":"<p><strong>Santiago, Chile.<\/strong> Del 17 al 19 de Octubre fue celebrado en esta ciudad el II Congreso de la &#8216;Red Inform\u00e1tica de la Iglesia en Am\u00e9rica Latina&#8217; (RIIAL) titulado: \u201cIglesia y Cultura Digital\u201d. Con la representaci\u00f3n de 20 paises y unos 150 delegados, el Congreso estuvo presidido por Monse\u00f1or Claudio Maria Celli, Presidente del Pontificio Consejo para las Comunicaciones Sociales y Mons. Adalberto Mart\u00ednez, Presidente del Departamento de Comunicaci\u00f3n del CELAM (Conferencia Episcopal Latinoamericana y del Caribe).<\/p>\n<p>Representando a los misioneros claretianos de la Provincia de San Jos\u00e9 del Sur, y enviado por el Centro de Estudios Filos\u00f3ficos y Teol\u00f3gicos (Cefyt), particip\u00f3 el P. Daniel O. Velazquez CMF, coordinador general del Departamento de Educaci\u00f3n a Distancia.<\/p>\n<p>Durante el Congreso se dieron varios avances en las tres \u00e1reas contempladas por la organizaci\u00f3n: cultura digital, teolog\u00eda de la comunicaci\u00f3n y aplicaci\u00f3n para la misi\u00f3n.<\/p>\n<p>Mons. Lucio Ruiz, Presidente del RIIAL, ubicaba los trabajos del Congreso con estas palabras:  \u00abBenedicto XVI en sus mensajes nos habla de &#8216;generaci\u00f3n digital&#8217;, &#8216;mundo digital&#8217;, &#8216;tiempo digital&#8217;, &#8216;continente digital&#8217;. Por lo tanto, si hay un nuevo mundo, una nueva generaci\u00f3n, un nuevo tiempo, un nuevo continente&#8230; \u00a1hay una nueva Evangelizaci\u00f3n! Esto nos llama a ser conscientes de la necesidad de enviar &#8216;nuevos misioneros&#8217;: misioneros de la cultura y la generaci\u00f3n digital. Esto implica aprender nuevas lenguas, nuevas costumbres, insertarse en nuevos ambientes, tener que traducir el Evangelio para que sea aprendido y vivido, exactamente como fue la evangelizaci\u00f3n en China, en India, en Am\u00e9rica&#8230;s\u00f3lo que ahora es en el &#8216;Continente Virtual&#8217;.<\/p>\n<p><em>En la foto, el P. Daniel O. Velazquez CMF con Mons. C. M. Celli.<\/em><\/p>\n","protected":false},"excerpt":{"rendered":"<p>Santiago, Chile. Del 17 al 19 de Octubre fue celebrado en esta ciudad el II Congreso de la &#8216;Red Inform\u00e1tica de la Iglesia en Am\u00e9rica Latina&#8217; (RIIAL) titulado: \u201cIglesia y Cultura Digital\u201d. Con la representaci\u00f3n de 20 paises y unos 150 delegados, el Congreso estuvo presidido por Monse\u00f1or Claudio Maria Celli, Presidente del Pontificio Consejo [&hellip;]<\/p>\n","protected":false},"author":1,"featured_media":54860,"comment_status":"closed","ping_status":"closed","sticky":false,"template":"","format":"standard","meta":{"_et_pb_use_builder":"","_et_pb_old_content":"","_et_gb_content_width":"","footnotes":""},"categories":[394,432],"tags":[],"class_list":["post-54866","post","type-post","status-publish","format-standard","has-post-thumbnail","hentry","category-san-jose-del-sur-es","category-tics"],"jetpack_featured_media_url":"https:\/\/i0.wp.com\/www.claret.org\/wp-content\/uploads\/2019\/07\/RIIAL_CeFyT.jpg?fit=450%2C318&ssl=1","jetpack_sharing_enabled":true,"jetpack_shortlink":"https:\/\/wp.me\/pdaBmi-egW","jetpack_likes_enabled":true,"_links":{"self":[{"href":"https:\/\/www.claret.org\/es\/wp-json\/wp\/v2\/posts\/54866","targetHints":{"allow":["GET"]}}],"collection":[{"href":"https:\/\/www.claret.org\/es\/wp-json\/wp\/v2\/posts"}],"about":[{"href":"https:\/\/www.claret.org\/es\/wp-json\/wp\/v2\/types\/post"}],"author":[{"embeddable":true,"href":"https:\/\/www.claret.org\/es\/wp-json\/wp\/v2\/users\/1"}],"replies":[{"embeddable":true,"href":"https:\/\/www.claret.org\/es\/wp-json\/wp\/v2\/comments?post=54866"}],"version-history":[{"count":0,"href":"https:\/\/www.claret.org\/es\/wp-json\/wp\/v2\/posts\/54866\/revisions"}],"wp:featuredmedia":[{"embeddable":true,"href":"https:\/\/www.claret.org\/es\/wp-json\/wp\/v2\/media\/54860"}],"wp:attachment":[{"href":"https:\/\/www.claret.org\/es\/wp-json\/wp\/v2\/media?parent=54866"}],"wp:term":[{"taxonomy":"category","embeddable":true,"href":"https:\/\/www.claret.org\/es\/wp-json\/wp\/v2\/categories?post=54866"},{"taxonomy":"post_tag","embeddable":true,"href":"https:\/\/www.claret.org\/es\/wp-json\/wp\/v2\/tags?post=54866"}],"curies":[{"name":"wp","href":"https:\/\/api.w.org\/{rel}","templated":true}]}}