{"id":55087,"date":"2011-10-24T09:40:24","date_gmt":"2011-10-24T07:40:24","guid":{"rendered":"https:\/\/www.claret.org\/la-catedra-claret-organiza-jornada-de-liturgia\/"},"modified":"2011-10-24T09:40:24","modified_gmt":"2011-10-24T07:40:24","slug":"la-catedra-claret-organiza-jornada-de-liturgia","status":"publish","type":"post","link":"https:\/\/www.claret.org\/es\/la-catedra-claret-organiza-jornada-de-liturgia\/","title":{"rendered":"La \u2018C\u00e1tedra Claret\u2019 organiza jornada de Liturgia"},"content":{"rendered":"<div class=\"field field-name-body field-type-text-with-summary field-label-hidden\">\n<div class=\"field-items\">\n<div class=\"field-item even\">\n<p><strong>Salamanca, Espa\u00f1a.<\/strong> Con ocasi\u00f3n del d\u00e9cimo aniversario de la publicaci\u00f3n del &#8216;Directorio sobre la Piedad popular y Liturgia&#8217; publicado por la Congregaci\u00f3n para la disciplina del Culto y los sacramentos, la Facultad de Teolog\u00eda de la Universidad Pontificia de Salamanca, ha celebrado el pasado 18 de octubre una intensa Jornada de estudio en torno a este documento.<\/p>\n<div><\/div>\n<p>La celebraci\u00f3n, que ha tenido lugar en el Aula Magna, ha sido patrocinada por la C\u00e1tedra Claret, perteneciente a la Facultad de Teolog\u00eda de Salamanca y dedicada al estudio de la religiosidad popular. Dicha c\u00e1tedra es coordinada por el Dr. Gonzalo Tejerina y patrocinada por los claretianos de la Conferencia de Superiores Provinciales de Iberia, que estuvieron representados por el Provincial, de Santiago, P. Manuel Tamargo CMF.<\/p>\n<p>Los temas desarrollados en la Jornada de estudio han querido abordar algunos \u00abdinamismos de crecimiento de la fe del Pueblo de Dios\u00bb. En un momento en que la nueva evangelizaci\u00f3n est\u00e1 adquiriendo fuerza, impulsada tambi\u00e9n por el A\u00f1o de la fe que acaba de convocar el Papa Benedicto XVI, la reflexi\u00f3n sobre la relaci\u00f3n entre la religiosidad popular y la liturgia ha puesto de relieve la necesidad de tomar en serio las formas de la piedad popular para potenciar la evangelizaci\u00f3n que conduzca a la celebraci\u00f3n de la fe en la liturgia y a la pr\u00e1ctica de la caridad.<\/p>\n<p>Abri\u00f3 la sesi\u00f3n el obispo auxiliar de Barcelona, Mons. Sabasti\u00e0 Taltavull Anglada, Presidente de la Comisi\u00f3n Episcopal de Pastoral, presentando el Directorio en sus contenidos fundamentales. El profesor Roberto Calvo P\u00e9rez, de la Facultad de Teolog\u00eda de Burgos, hizo hincapi\u00e9 en su intervenci\u00f3n en la necesidad de poner de relieve y desarrollar adecuadamente la eclesialidad de la religiosidad popular como una expresi\u00f3n de la fe que est\u00e1 dentro de la Iglesia y forma parte de ella.<\/p>\n<p>Sobre la necesidad de presentar, celebrar y vivir la liturgia como camino para lograr profundizar y madurar en la fe habl\u00f3 el profesor Jos\u00e9 Mar\u00eda de Miguel Gonz\u00e1lez, de la Universidad Pontificia, al que sigui\u00f3 el profesor de la misma Universidad Dr. D. Gaspar Hern\u00e1ndez Peludo con un reflexi\u00f3n sobre la estructura sacramental de la fe cristiana de la sacramentalidad que se concreta en los siete sacramentos y en los sacramentales, cuya presencia en la religiosidad popular examin\u00f3 con detalle.<\/p>\n<p>La Jornada sobre el \u2018Directorio\u2019 concluy\u00f3 con dos comunicaciones sobre la experiencia de b\u00fasqueda de Dios en el fen\u00f3meno de la peregrinaci\u00f3n y en el santuario cristiano, a cargo del monje benedictino de Montserrat Josep Enric Parellada, y sobre el desarrollo de la vida cristiana en hermandades y cofrad\u00edas, a cargo del P. Jos\u00e9 M\u00e1rquez Vald\u00e9s, claretiano, p\u00e1rroco en Sevilla.<\/p>\n<p>Ha sido una Jornada intensa, dirigida por el profesor Dr. D. Gonzalo Tejerina Arias, Coordinador en la Facultad de Salamanca de la C\u00e1tedra Claret, una jornada intensa que suscit\u00f3 gran atenci\u00f3n e inter\u00e9s en todos los asistentes a las distintas sesiones.<\/p>\n<\/div>\n<\/div>\n<\/div>\n<div class=\"field field-name-field-noticia-autor-alias field-type-text field-label-hidden\">\n<div class=\"field-items\">\n<div class=\"field-item even\">Religi\u00f3n digital<\/div>\n<\/div>\n<\/div>\n","protected":false},"excerpt":{"rendered":"<p>Salamanca, Espa\u00f1a. Con ocasi\u00f3n del d\u00e9cimo aniversario de la publicaci\u00f3n del &#8216;Directorio sobre la Piedad popular y Liturgia&#8217; publicado por la Congregaci\u00f3n para la disciplina del Culto y los sacramentos, la Facultad de Teolog\u00eda de la Universidad Pontificia de Salamanca, ha celebrado el pasado 18 de octubre una intensa Jornada de estudio en torno a [&hellip;]<\/p>\n","protected":false},"author":1,"featured_media":55081,"comment_status":"closed","ping_status":"closed","sticky":false,"template":"","format":"standard","meta":{"_et_pb_use_builder":"","_et_pb_old_content":"","_et_gb_content_width":"","footnotes":""},"categories":[541,553,1097,422,341],"tags":[],"class_list":["post-55087","post","type-post","status-publish","format-standard","has-post-thumbnail","hentry","category-aniversarios","category-hermanos","category-parroquias","category-pastoral-educativa","category-santiago-es"],"jetpack_featured_media_url":"https:\/\/i0.wp.com\/www.claret.org\/wp-content\/uploads\/2019\/07\/ctedra_Claret.jpg?fit=300%2C200&ssl=1","jetpack_sharing_enabled":true,"jetpack_shortlink":"https:\/\/wp.me\/pdaBmi-ekv","jetpack_likes_enabled":true,"_links":{"self":[{"href":"https:\/\/www.claret.org\/es\/wp-json\/wp\/v2\/posts\/55087","targetHints":{"allow":["GET"]}}],"collection":[{"href":"https:\/\/www.claret.org\/es\/wp-json\/wp\/v2\/posts"}],"about":[{"href":"https:\/\/www.claret.org\/es\/wp-json\/wp\/v2\/types\/post"}],"author":[{"embeddable":true,"href":"https:\/\/www.claret.org\/es\/wp-json\/wp\/v2\/users\/1"}],"replies":[{"embeddable":true,"href":"https:\/\/www.claret.org\/es\/wp-json\/wp\/v2\/comments?post=55087"}],"version-history":[{"count":0,"href":"https:\/\/www.claret.org\/es\/wp-json\/wp\/v2\/posts\/55087\/revisions"}],"wp:featuredmedia":[{"embeddable":true,"href":"https:\/\/www.claret.org\/es\/wp-json\/wp\/v2\/media\/55081"}],"wp:attachment":[{"href":"https:\/\/www.claret.org\/es\/wp-json\/wp\/v2\/media?parent=55087"}],"wp:term":[{"taxonomy":"category","embeddable":true,"href":"https:\/\/www.claret.org\/es\/wp-json\/wp\/v2\/categories?post=55087"},{"taxonomy":"post_tag","embeddable":true,"href":"https:\/\/www.claret.org\/es\/wp-json\/wp\/v2\/tags?post=55087"}],"curies":[{"name":"wp","href":"https:\/\/api.w.org\/{rel}","templated":true}]}}