{"id":55563,"date":"2011-08-24T18:48:39","date_gmt":"2011-08-24T16:48:39","guid":{"rendered":"https:\/\/www.claret.org\/inicia-el-primer-capitulo-de-la-nueva-provincia-de-usa\/"},"modified":"2011-08-24T18:48:39","modified_gmt":"2011-08-24T16:48:39","slug":"inicia-el-primer-capitulo-de-la-nueva-provincia-de-usa","status":"publish","type":"post","link":"https:\/\/www.claret.org\/es\/inicia-el-primer-capitulo-de-la-nueva-provincia-de-usa\/","title":{"rendered":"Inicia el Primer Cap\u00ectulo de la nueva Provincia de USA"},"content":{"rendered":"<p><strong>Chicago, USA.<\/strong>  El 22 de Agosto ha iniciado el Primer Cap\u00edtulo de la nueva Provincia de USA, fruto de la reorganizaci\u00f3n de las anteriores Provincias de USA East y USA West.<\/p>\n<div><\/div>\n<p>Preside el Cap\u00edtulo el P. Josep Ma. Abella CMF, Superior General de la Congregaci\u00f3n. Se tiene previsto concluir el viernes 26 de agosto.<\/p>\n<p>En la primera sesi\u00f3n se ha tomado la decisi\u00f3n de declarar el Cap\u00edtulo abierto a los dem\u00e1s miembros de la Provincia.<\/p>\n","protected":false},"excerpt":{"rendered":"<p>Chicago, USA. El 22 de Agosto ha iniciado el Primer Cap\u00edtulo de la nueva Provincia de USA, fruto de la reorganizaci\u00f3n de las anteriores Provincias de USA East y USA West. Preside el Cap\u00edtulo el P. Josep Ma. Abella CMF, Superior General de la Congregaci\u00f3n. Se tiene previsto concluir el viernes 26 de agosto. En [&hellip;]<\/p>\n","protected":false},"author":1,"featured_media":55557,"comment_status":"closed","ping_status":"closed","sticky":false,"template":"","format":"standard","meta":{"_et_pb_use_builder":"","_et_pb_old_content":"","_et_gb_content_width":"","footnotes":""},"categories":[601],"tags":[],"class_list":["post-55563","post","type-post","status-publish","format-standard","has-post-thumbnail","hentry","category-usa-canada-es"],"jetpack_featured_media_url":"https:\/\/i0.wp.com\/www.claret.org\/wp-content\/uploads\/2019\/07\/USAChapter_1.jpg?fit=450%2C301&ssl=1","jetpack_sharing_enabled":true,"jetpack_shortlink":"https:\/\/wp.me\/pdaBmi-esb","jetpack_likes_enabled":true,"_links":{"self":[{"href":"https:\/\/www.claret.org\/es\/wp-json\/wp\/v2\/posts\/55563","targetHints":{"allow":["GET"]}}],"collection":[{"href":"https:\/\/www.claret.org\/es\/wp-json\/wp\/v2\/posts"}],"about":[{"href":"https:\/\/www.claret.org\/es\/wp-json\/wp\/v2\/types\/post"}],"author":[{"embeddable":true,"href":"https:\/\/www.claret.org\/es\/wp-json\/wp\/v2\/users\/1"}],"replies":[{"embeddable":true,"href":"https:\/\/www.claret.org\/es\/wp-json\/wp\/v2\/comments?post=55563"}],"version-history":[{"count":0,"href":"https:\/\/www.claret.org\/es\/wp-json\/wp\/v2\/posts\/55563\/revisions"}],"wp:featuredmedia":[{"embeddable":true,"href":"https:\/\/www.claret.org\/es\/wp-json\/wp\/v2\/media\/55557"}],"wp:attachment":[{"href":"https:\/\/www.claret.org\/es\/wp-json\/wp\/v2\/media?parent=55563"}],"wp:term":[{"taxonomy":"category","embeddable":true,"href":"https:\/\/www.claret.org\/es\/wp-json\/wp\/v2\/categories?post=55563"},{"taxonomy":"post_tag","embeddable":true,"href":"https:\/\/www.claret.org\/es\/wp-json\/wp\/v2\/tags?post=55563"}],"curies":[{"name":"wp","href":"https:\/\/api.w.org\/{rel}","templated":true}]}}