{"id":55837,"date":"2011-07-19T10:40:35","date_gmt":"2011-07-19T08:40:35","guid":{"rendered":"https:\/\/www.claret.org\/tejedores-de-esperanza-provincia-de-san-jose-del-sur\/"},"modified":"2011-07-19T10:40:35","modified_gmt":"2011-07-19T08:40:35","slug":"tejedores-de-esperanza-provincia-de-san-jose-del-sur","status":"publish","type":"post","link":"https:\/\/www.claret.org\/es\/tejedores-de-esperanza-provincia-de-san-jose-del-sur\/","title":{"rendered":"Tejedores de Esperanza: Provincia de San Jos\u00e9 del Sur"},"content":{"rendered":"<p><strong>Talagante, Chile. <\/strong>Del 15 al 17 de Julio, la nueva provincia de \u201cSan Jos\u00e9 del Sur\u201d ha celebrado su I Asamblea en la Casa de Encuentros y Formaci\u00f3n &#8216;Padre Claret&#8217; de esta Ciudad, bajo el lema: \u201cTejedores de Esperanza\u201d.<\/p>\n<div><\/div>\n<p>Presidi\u00f3 la Asamblea el P. Josep Ma. Abella, Superior General de la Congregaci\u00f3n, contando con la participaci\u00f3n de unos de 40 misioneros en representaci\u00f3n de las comunidades de Argentina, Paraguay y Uruguay, junto a m\u00e1s de 20 de Chile y numerosos laicos con responsabilidades en las diversas \u00e1reas pastorales del apostolado claretiano. Tambi\u00e9n han participado el P. F\u00e9lix Mart\u00ednez, provincial de B\u00e9tica, de quien hasta ahora hab\u00eda dependido la Misi\u00f3n de Humahuaca y el P. Manuel Tamargo, provincial de Santiago, hasta ahora responsable de la Misi\u00f3n de Paraguay.<\/p>\n<p>Durante la Asamblea se han estudiado la realidades sociales del contexto en que surge el nuevo Organismo para orientar su respuesta misionera a trav\u00e9s del Proyecto Provincial.<\/p>\n<p>El punto culminante de la Asamblea se ha dado el s\u00e1bado 16 de Julio con la puesta en funciones del primer equipo interino de gobierno. Encabeza \u00e9ste, como primer superior provincial, el P. Mario Guti\u00e9rrez Medina y le acompa\u00f1an como consultores los Padres Juan Jos\u00e9 Chaparro Stivanello y Gustavo Larraz\u00e1bal Volpe, ambos argentinos, Joaqu\u00edn Medina Romero, hasta ahora superior delegado de las comunidades claretianas de Paraguay, y Alonso S\u00e1nchez Matamoros, con largo desempe\u00f1o en las comunidades misioneras de Humahuaca, en el norte argentino. (<a href=\"http:\/\/www2.claret.org\/es\/noticias\/18-07-2011\/index.php?option=com_rsgallery2&amp;page=inline&amp;id=1024&amp;Itemid=100262&amp;lang=es\" rel=\"nofollow noopener\" target=\"_blank\">Fotos<\/a>).<\/p>\n","protected":false},"excerpt":{"rendered":"<p>Talagante, Chile. Del 15 al 17 de Julio, la nueva provincia de \u201cSan Jos\u00e9 del Sur\u201d ha celebrado su I Asamblea en la Casa de Encuentros y Formaci\u00f3n &#8216;Padre Claret&#8217; de esta Ciudad, bajo el lema: \u201cTejedores de Esperanza\u201d. Presidi\u00f3 la Asamblea el P. Josep Ma. Abella, Superior General de la Congregaci\u00f3n, contando con la [&hellip;]<\/p>\n","protected":false},"author":1,"featured_media":55830,"comment_status":"closed","ping_status":"closed","sticky":false,"template":"","format":"standard","meta":{"_et_pb_use_builder":"","_et_pb_old_content":"","_et_gb_content_width":"","footnotes":""},"categories":[1613,394],"tags":[],"class_list":["post-55837","post","type-post","status-publish","format-standard","has-post-thumbnail","hentry","category-josep-abella-batlle-es","category-san-jose-del-sur-es"],"jetpack_featured_media_url":"https:\/\/i0.wp.com\/www.claret.org\/wp-content\/uploads\/2019\/07\/SJS_Presidium.jpg?fit=450%2C298&ssl=1","jetpack_sharing_enabled":true,"jetpack_shortlink":"https:\/\/wp.me\/pdaBmi-ewB","jetpack_likes_enabled":true,"_links":{"self":[{"href":"https:\/\/www.claret.org\/es\/wp-json\/wp\/v2\/posts\/55837","targetHints":{"allow":["GET"]}}],"collection":[{"href":"https:\/\/www.claret.org\/es\/wp-json\/wp\/v2\/posts"}],"about":[{"href":"https:\/\/www.claret.org\/es\/wp-json\/wp\/v2\/types\/post"}],"author":[{"embeddable":true,"href":"https:\/\/www.claret.org\/es\/wp-json\/wp\/v2\/users\/1"}],"replies":[{"embeddable":true,"href":"https:\/\/www.claret.org\/es\/wp-json\/wp\/v2\/comments?post=55837"}],"version-history":[{"count":0,"href":"https:\/\/www.claret.org\/es\/wp-json\/wp\/v2\/posts\/55837\/revisions"}],"wp:featuredmedia":[{"embeddable":true,"href":"https:\/\/www.claret.org\/es\/wp-json\/wp\/v2\/media\/55830"}],"wp:attachment":[{"href":"https:\/\/www.claret.org\/es\/wp-json\/wp\/v2\/media?parent=55837"}],"wp:term":[{"taxonomy":"category","embeddable":true,"href":"https:\/\/www.claret.org\/es\/wp-json\/wp\/v2\/categories?post=55837"},{"taxonomy":"post_tag","embeddable":true,"href":"https:\/\/www.claret.org\/es\/wp-json\/wp\/v2\/tags?post=55837"}],"curies":[{"name":"wp","href":"https:\/\/api.w.org\/{rel}","templated":true}]}}