{"id":56210,"date":"2011-06-14T15:26:10","date_gmt":"2011-06-14T13:26:10","guid":{"rendered":"https:\/\/www.claret.org\/nuevo-expolio-de-africa\/"},"modified":"2011-06-14T15:26:10","modified_gmt":"2011-06-14T13:26:10","slug":"nuevo-expolio-de-africa","status":"publish","type":"post","link":"https:\/\/www.claret.org\/es\/nuevo-expolio-de-africa\/","title":{"rendered":"\u201cNuevo expolio de \u00c1frica\u201d"},"content":{"rendered":"<p><strong>Madrid, Espa\u00f1a.<\/strong> El n\u00ba 2.757 de la revista espa\u00f1ola Vida Nueva, ha dedicado su reportaje de fondo a un nuevo saqueo de \u00c1frica..<br \/>\nEntre los art\u00edculos y comentarios, destaca el de dos Claretianos Misioneros en Zimbabwe, los Padres Antonio Llamas y Luis M. Guerrero quienes, haci\u00e9ndose eco de la voz de la Iglesia y de los pueblos africanos, denuncian las nuevas formas de colonialismo que comprometen su futuro.<\/p>\n<p>Ante la indiferencia internacional, \u00c1frica est\u00e1 siendo objeto de un nuevo saqueo de sus materias primas. De muy poco le ha valido a sus pa\u00edses, poblados mayoritariamente por gente muy joven, con todo un futuro por delante, su medio siglo de independencia. Las potencias coloniales est\u00e1n regresando \u2013a las que se est\u00e1n sumando con gran br\u00edo otras como China\u2013, apoyadas en la fragilidad de las instituciones democr\u00e1ticas locales, en donde la corrupci\u00f3n ha echado profundas ra\u00edces.<\/p>\n<p>Solo la Iglesia, aunque con voz demasiado tenue a\u00fan, est\u00e1 siendo consciente del gran da\u00f1o que la compra de tierras para alimentar a los pa\u00edses ricos est\u00e1 causando en un continente que tiene a 900 millones de habitantes con hambre cr\u00f3nica.<\/p>\n","protected":false},"excerpt":{"rendered":"<p>Madrid, Espa\u00f1a. El n\u00ba 2.757 de la revista espa\u00f1ola Vida Nueva, ha dedicado su reportaje de fondo a un nuevo saqueo de \u00c1frica.. Entre los art\u00edculos y comentarios, destaca el de dos Claretianos Misioneros en Zimbabwe, los Padres Antonio Llamas y Luis M. Guerrero quienes, haci\u00e9ndose eco de la voz de la Iglesia y de [&hellip;]<\/p>\n","protected":false},"author":1,"featured_media":56204,"comment_status":"closed","ping_status":"closed","sticky":false,"template":"","format":"standard","meta":{"_et_pb_use_builder":"","_et_pb_old_content":"","_et_gb_content_width":"","footnotes":""},"categories":[256],"tags":[],"class_list":["post-56210","post","type-post","status-publish","format-standard","has-post-thumbnail","hentry","category-claret-publishing-group-es"],"jetpack_featured_media_url":"https:\/\/i0.wp.com\/www.claret.org\/wp-content\/uploads\/2019\/07\/vn2757_portada.jpg?fit=182%2C250&ssl=1","jetpack_sharing_enabled":true,"jetpack_shortlink":"https:\/\/wp.me\/pdaBmi-eCC","jetpack_likes_enabled":true,"_links":{"self":[{"href":"https:\/\/www.claret.org\/es\/wp-json\/wp\/v2\/posts\/56210","targetHints":{"allow":["GET"]}}],"collection":[{"href":"https:\/\/www.claret.org\/es\/wp-json\/wp\/v2\/posts"}],"about":[{"href":"https:\/\/www.claret.org\/es\/wp-json\/wp\/v2\/types\/post"}],"author":[{"embeddable":true,"href":"https:\/\/www.claret.org\/es\/wp-json\/wp\/v2\/users\/1"}],"replies":[{"embeddable":true,"href":"https:\/\/www.claret.org\/es\/wp-json\/wp\/v2\/comments?post=56210"}],"version-history":[{"count":0,"href":"https:\/\/www.claret.org\/es\/wp-json\/wp\/v2\/posts\/56210\/revisions"}],"wp:featuredmedia":[{"embeddable":true,"href":"https:\/\/www.claret.org\/es\/wp-json\/wp\/v2\/media\/56204"}],"wp:attachment":[{"href":"https:\/\/www.claret.org\/es\/wp-json\/wp\/v2\/media?parent=56210"}],"wp:term":[{"taxonomy":"category","embeddable":true,"href":"https:\/\/www.claret.org\/es\/wp-json\/wp\/v2\/categories?post=56210"},{"taxonomy":"post_tag","embeddable":true,"href":"https:\/\/www.claret.org\/es\/wp-json\/wp\/v2\/tags?post=56210"}],"curies":[{"name":"wp","href":"https:\/\/api.w.org\/{rel}","templated":true}]}}