{"id":56275,"date":"2011-06-04T16:00:47","date_gmt":"2011-06-04T14:00:47","guid":{"rendered":"https:\/\/www.claret.org\/surge-la-nueva-provincia-de-san-jose-del-sur\/"},"modified":"2011-06-04T16:00:47","modified_gmt":"2011-06-04T14:00:47","slug":"surge-la-nueva-provincia-de-san-jose-del-sur","status":"publish","type":"post","link":"https:\/\/www.claret.org\/es\/surge-la-nueva-provincia-de-san-jose-del-sur\/","title":{"rendered":"Surge la nueva Provincia de San Jos\u00e9 del Sur"},"content":{"rendered":"<p><strong>Montevideo, Uruguay.<\/strong> En esta ciudad, se reunieron doce claretianos, miembros de los gobiernos de los Organismos del Sur de Am\u00e9rica Latina que han ido avanzando en el proceso de unificaci\u00f3n en una nueva Provincia.<\/p>\n<p>Durante los d\u00edas 30 y 31 de mayo los misioneros revisaron distintas dimensiones y \u00e1reas del nuevo Organismo como son la formaci\u00f3n, econom\u00eda, apostolado, pastoral vocacional, etc.<\/p>\n<p>Durante la jornada y recogiendo las opiniones expresadas por diversos medios, se ha optado por denominar al nuevo<\/p>\n","protected":false},"excerpt":{"rendered":"<p>Montevideo, Uruguay. En esta ciudad, se reunieron doce claretianos, miembros de los gobiernos de los Organismos del Sur de Am\u00e9rica Latina que han ido avanzando en el proceso de unificaci\u00f3n en una nueva Provincia. Durante los d\u00edas 30 y 31 de mayo los misioneros revisaron distintas dimensiones y \u00e1reas del nuevo Organismo como son la [&hellip;]<\/p>\n","protected":false},"author":1,"featured_media":56269,"comment_status":"closed","ping_status":"closed","sticky":false,"template":"","format":"standard","meta":{"_et_pb_use_builder":"","_et_pb_old_content":"","_et_gb_content_width":"","footnotes":""},"categories":[394],"tags":[],"class_list":["post-56275","post","type-post","status-publish","format-standard","has-post-thumbnail","hentry","category-san-jose-del-sur-es"],"jetpack_featured_media_url":"https:\/\/i0.wp.com\/www.claret.org\/wp-content\/uploads\/2019\/07\/SnJosSUR1web.jpg?fit=450%2C367&ssl=1","jetpack_sharing_enabled":true,"jetpack_shortlink":"https:\/\/wp.me\/pdaBmi-eDF","jetpack_likes_enabled":true,"_links":{"self":[{"href":"https:\/\/www.claret.org\/es\/wp-json\/wp\/v2\/posts\/56275","targetHints":{"allow":["GET"]}}],"collection":[{"href":"https:\/\/www.claret.org\/es\/wp-json\/wp\/v2\/posts"}],"about":[{"href":"https:\/\/www.claret.org\/es\/wp-json\/wp\/v2\/types\/post"}],"author":[{"embeddable":true,"href":"https:\/\/www.claret.org\/es\/wp-json\/wp\/v2\/users\/1"}],"replies":[{"embeddable":true,"href":"https:\/\/www.claret.org\/es\/wp-json\/wp\/v2\/comments?post=56275"}],"version-history":[{"count":0,"href":"https:\/\/www.claret.org\/es\/wp-json\/wp\/v2\/posts\/56275\/revisions"}],"wp:featuredmedia":[{"embeddable":true,"href":"https:\/\/www.claret.org\/es\/wp-json\/wp\/v2\/media\/56269"}],"wp:attachment":[{"href":"https:\/\/www.claret.org\/es\/wp-json\/wp\/v2\/media?parent=56275"}],"wp:term":[{"taxonomy":"category","embeddable":true,"href":"https:\/\/www.claret.org\/es\/wp-json\/wp\/v2\/categories?post=56275"},{"taxonomy":"post_tag","embeddable":true,"href":"https:\/\/www.claret.org\/es\/wp-json\/wp\/v2\/tags?post=56275"}],"curies":[{"name":"wp","href":"https:\/\/api.w.org\/{rel}","templated":true}]}}