{"id":56314,"date":"2011-05-26T16:18:22","date_gmt":"2011-05-26T14:18:22","guid":{"rendered":"https:\/\/www.claret.org\/designado-el-gobierno-de-colombia-venezuela\/"},"modified":"2011-05-26T16:18:22","modified_gmt":"2011-05-26T14:18:22","slug":"designado-el-gobierno-de-colombia-venezuela","status":"publish","type":"post","link":"https:\/\/www.claret.org\/es\/designado-el-gobierno-de-colombia-venezuela\/","title":{"rendered":"Designado el Gobierno de Colombia-Venezuela"},"content":{"rendered":"<p><strong>Roma. <\/strong>Despu\u00e9s del sondeo realizado entre los miembros de la futura Provincia de Colombia &#8211; Venezuela, el Gobierno General ha designado el siguiente equipo para el Gobierno de la misma:<\/p>\n<p><strong>P. Javier Pulgar\u00edn CMF<\/strong>, Superior Provincial (en la foto).<br \/>\n<strong>P. Ra\u00fal C\u00e9spedes CMF<\/strong>, Consultor.<br \/>\n<strong>P. \u00c1lvaro Arias CMF<\/strong>, Consultor.<br \/>\n<strong>P. Marino P\u00e9rez CMF<\/strong>, Consultor.<br \/>\n<strong>P. Albeiro Ospina CMF<\/strong>, Consultor &#8211; Ec\u00f3nomo.<\/p>\n<p>Este Gobierno comenzar\u00e1 sus funciones el 4 de julio 2011, fecha en que se constituir\u00e1 jur\u00eddicamente el nuevo Organismo Mayor y concluir\u00e1 su mandato cuando se celebre el I Cap\u00edtulo Provincial en diciembre de 2011.<\/p>\n","protected":false},"excerpt":{"rendered":"<p>Roma. Despu\u00e9s del sondeo realizado entre los miembros de la futura Provincia de Colombia &#8211; Venezuela, el Gobierno General ha designado el siguiente equipo para el Gobierno de la misma: P. Javier Pulgar\u00edn CMF, Superior Provincial (en la foto). P. Ra\u00fal C\u00e9spedes CMF, Consultor. P. \u00c1lvaro Arias CMF, Consultor. P. Marino P\u00e9rez CMF, Consultor. P. [&hellip;]<\/p>\n","protected":false},"author":1,"featured_media":56308,"comment_status":"closed","ping_status":"closed","sticky":false,"template":"","format":"standard","meta":{"_et_pb_use_builder":"","_et_pb_old_content":"","_et_gb_content_width":"","footnotes":""},"categories":[376],"tags":[],"class_list":["post-56314","post","type-post","status-publish","format-standard","has-post-thumbnail","hentry","category-colombia-venezuela-es"],"jetpack_featured_media_url":"https:\/\/i0.wp.com\/www.claret.org\/wp-content\/uploads\/2019\/07\/Pulgarin_Javier.jpg?fit=373%2C450&ssl=1","jetpack_sharing_enabled":true,"jetpack_shortlink":"https:\/\/wp.me\/pdaBmi-eEi","jetpack_likes_enabled":true,"_links":{"self":[{"href":"https:\/\/www.claret.org\/es\/wp-json\/wp\/v2\/posts\/56314","targetHints":{"allow":["GET"]}}],"collection":[{"href":"https:\/\/www.claret.org\/es\/wp-json\/wp\/v2\/posts"}],"about":[{"href":"https:\/\/www.claret.org\/es\/wp-json\/wp\/v2\/types\/post"}],"author":[{"embeddable":true,"href":"https:\/\/www.claret.org\/es\/wp-json\/wp\/v2\/users\/1"}],"replies":[{"embeddable":true,"href":"https:\/\/www.claret.org\/es\/wp-json\/wp\/v2\/comments?post=56314"}],"version-history":[{"count":0,"href":"https:\/\/www.claret.org\/es\/wp-json\/wp\/v2\/posts\/56314\/revisions"}],"wp:featuredmedia":[{"embeddable":true,"href":"https:\/\/www.claret.org\/es\/wp-json\/wp\/v2\/media\/56308"}],"wp:attachment":[{"href":"https:\/\/www.claret.org\/es\/wp-json\/wp\/v2\/media?parent=56314"}],"wp:term":[{"taxonomy":"category","embeddable":true,"href":"https:\/\/www.claret.org\/es\/wp-json\/wp\/v2\/categories?post=56314"},{"taxonomy":"post_tag","embeddable":true,"href":"https:\/\/www.claret.org\/es\/wp-json\/wp\/v2\/tags?post=56314"}],"curies":[{"name":"wp","href":"https:\/\/api.w.org\/{rel}","templated":true}]}}