{"id":56404,"date":"2011-05-18T17:10:53","date_gmt":"2011-05-18T15:10:53","guid":{"rendered":"https:\/\/www.claret.org\/formacion-de-animadores-vocacionales-en-bosa-colombia\/"},"modified":"2011-05-18T17:10:53","modified_gmt":"2011-05-18T15:10:53","slug":"formacion-de-animadores-vocacionales-en-bosa-colombia","status":"publish","type":"post","link":"https:\/\/www.claret.org\/es\/formacion-de-animadores-vocacionales-en-bosa-colombia\/","title":{"rendered":"Formaci\u00f3n de Animadores Vocacionales en Bosa, Colombia"},"content":{"rendered":"<p><strong>Bosa, Colombia.<\/strong> Durante los d\u00edas 9 al 12 de mayo en Bosa, el P. Juan Carlos Martos CMF, Secretario General de PV ha dirigido el Taller de inicio de la Escuela de Animadores Vocacionales. Asistieron algunos representantes de los misioneros claretianos, de las claretianas junto con varios laicos colaboradores.<br \/>\nLa celebraci\u00f3n de la Asamblea Provincial de Pastoral, simult\u00e1nea a la realizaci\u00f3n de este taller, rest\u00f3 presencia de claretianos de las diversas posiciones. Confiemos en que no falten oportunidades para hacerles llegar a todos ellos el objetivo de este Taller y hacerloeficaz.<\/p>\n","protected":false},"excerpt":{"rendered":"<p>Bosa, Colombia. Durante los d\u00edas 9 al 12 de mayo en Bosa, el P. Juan Carlos Martos CMF, Secretario General de PV ha dirigido el Taller de inicio de la Escuela de Animadores Vocacionales. Asistieron algunos representantes de los misioneros claretianos, de las claretianas junto con varios laicos colaboradores. La celebraci\u00f3n de la Asamblea Provincial [&hellip;]<\/p>\n","protected":false},"author":1,"featured_media":56399,"comment_status":"closed","ping_status":"closed","sticky":false,"template":"","format":"standard","meta":{"_et_pb_use_builder":"","_et_pb_old_content":"","_et_gb_content_width":"","footnotes":""},"categories":[528,533],"tags":[],"class_list":["post-56404","post","type-post","status-publish","format-standard","has-post-thumbnail","hentry","category-familia-claretiana","category-la-congregacion"],"jetpack_featured_media_url":"https:\/\/i0.wp.com\/www.claret.org\/wp-content\/uploads\/2019\/07\/BosaPJV_5.jpg?fit=450%2C371&ssl=1","jetpack_sharing_enabled":true,"jetpack_shortlink":"https:\/\/wp.me\/pdaBmi-eFK","jetpack_likes_enabled":true,"_links":{"self":[{"href":"https:\/\/www.claret.org\/es\/wp-json\/wp\/v2\/posts\/56404","targetHints":{"allow":["GET"]}}],"collection":[{"href":"https:\/\/www.claret.org\/es\/wp-json\/wp\/v2\/posts"}],"about":[{"href":"https:\/\/www.claret.org\/es\/wp-json\/wp\/v2\/types\/post"}],"author":[{"embeddable":true,"href":"https:\/\/www.claret.org\/es\/wp-json\/wp\/v2\/users\/1"}],"replies":[{"embeddable":true,"href":"https:\/\/www.claret.org\/es\/wp-json\/wp\/v2\/comments?post=56404"}],"version-history":[{"count":0,"href":"https:\/\/www.claret.org\/es\/wp-json\/wp\/v2\/posts\/56404\/revisions"}],"wp:featuredmedia":[{"embeddable":true,"href":"https:\/\/www.claret.org\/es\/wp-json\/wp\/v2\/media\/56399"}],"wp:attachment":[{"href":"https:\/\/www.claret.org\/es\/wp-json\/wp\/v2\/media?parent=56404"}],"wp:term":[{"taxonomy":"category","embeddable":true,"href":"https:\/\/www.claret.org\/es\/wp-json\/wp\/v2\/categories?post=56404"},{"taxonomy":"post_tag","embeddable":true,"href":"https:\/\/www.claret.org\/es\/wp-json\/wp\/v2\/tags?post=56404"}],"curies":[{"name":"wp","href":"https:\/\/api.w.org\/{rel}","templated":true}]}}