{"id":56648,"date":"2011-04-19T19:21:53","date_gmt":"2011-04-19T17:21:53","guid":{"rendered":"https:\/\/www.claret.org\/escuela-del-corazon-de-maria\/"},"modified":"2011-04-19T19:21:53","modified_gmt":"2011-04-19T17:21:53","slug":"escuela-del-corazon-de-maria","status":"publish","type":"post","link":"https:\/\/www.claret.org\/es\/escuela-del-corazon-de-maria\/","title":{"rendered":"Escuela del Coraz\u00f3n de Mar\u00eda"},"content":{"rendered":"<p><strong>Vic, Espa\u00f1a. <\/strong>El d\u00eda 5 de abril, ha dado inicio el curso 2011 de la \u201cEscuela de Formadores Coraz\u00f3n de Mar\u00eda\u201d, en nuestra casa madre de Vic. Se tiene prevista su conclusi\u00f3n hacia el 24 de Junio.<\/p>\n<p>La inauguraci\u00f3n tuvo lugar con la celebraci\u00f3n de la Eucarist\u00eda presidida por el Prefecto General de Formaci\u00f3n, P. Mathew Vattamattam, concelebrando los PP. Paul Smyth, Vicario General, Jes\u00fas M\u00aa Palacios, Director del CESC de Vic y los 20 Formadores participantes.<\/p>\n<p>El curso tiene una duraci\u00f3n de tres meses y, en esta ocasi\u00f3n ser\u00e1 realizado en lengua espa\u00f1ola.<\/p>\n<p>El curso se propone ayudar a los responsables directos de la formaci\u00f3n, para que profundicen en los elementos centrales de nuestro carisma misionero. Con ello, podr\u00e1n responder mejor a las exigencias que hoy demanda este servicio.<\/p>\n","protected":false},"excerpt":{"rendered":"<p>Vic, Espa\u00f1a. El d\u00eda 5 de abril, ha dado inicio el curso 2011 de la \u201cEscuela de Formadores Coraz\u00f3n de Mar\u00eda\u201d, en nuestra casa madre de Vic. Se tiene prevista su conclusi\u00f3n hacia el 24 de Junio. La inauguraci\u00f3n tuvo lugar con la celebraci\u00f3n de la Eucarist\u00eda presidida por el Prefecto General de Formaci\u00f3n, P. [&hellip;]<\/p>\n","protected":false},"author":1,"featured_media":0,"comment_status":"closed","ping_status":"closed","sticky":false,"template":"","format":"standard","meta":{"_et_pb_use_builder":"","_et_pb_old_content":"","_et_gb_content_width":"","footnotes":""},"categories":[583],"tags":[],"class_list":["post-56648","post","type-post","status-publish","format-standard","hentry","category-escuela-del-corazon-de-maria"],"jetpack_featured_media_url":"","jetpack_sharing_enabled":true,"jetpack_shortlink":"https:\/\/wp.me\/pdaBmi-eJG","jetpack_likes_enabled":true,"_links":{"self":[{"href":"https:\/\/www.claret.org\/es\/wp-json\/wp\/v2\/posts\/56648","targetHints":{"allow":["GET"]}}],"collection":[{"href":"https:\/\/www.claret.org\/es\/wp-json\/wp\/v2\/posts"}],"about":[{"href":"https:\/\/www.claret.org\/es\/wp-json\/wp\/v2\/types\/post"}],"author":[{"embeddable":true,"href":"https:\/\/www.claret.org\/es\/wp-json\/wp\/v2\/users\/1"}],"replies":[{"embeddable":true,"href":"https:\/\/www.claret.org\/es\/wp-json\/wp\/v2\/comments?post=56648"}],"version-history":[{"count":0,"href":"https:\/\/www.claret.org\/es\/wp-json\/wp\/v2\/posts\/56648\/revisions"}],"wp:attachment":[{"href":"https:\/\/www.claret.org\/es\/wp-json\/wp\/v2\/media?parent=56648"}],"wp:term":[{"taxonomy":"category","embeddable":true,"href":"https:\/\/www.claret.org\/es\/wp-json\/wp\/v2\/categories?post=56648"},{"taxonomy":"post_tag","embeddable":true,"href":"https:\/\/www.claret.org\/es\/wp-json\/wp\/v2\/tags?post=56648"}],"curies":[{"name":"wp","href":"https:\/\/api.w.org\/{rel}","templated":true}]}}