{"id":56795,"date":"2011-04-06T09:28:47","date_gmt":"2011-04-06T07:28:47","guid":{"rendered":"https:\/\/www.claret.org\/asamblea-en-camerun\/"},"modified":"2011-04-06T09:28:47","modified_gmt":"2011-04-06T07:28:47","slug":"asamblea-en-camerun","status":"publish","type":"post","link":"https:\/\/www.claret.org\/es\/asamblea-en-camerun\/","title":{"rendered":"Asamblea en Camer\u00fan."},"content":{"rendered":"<p><strong>Yaound\u00e9, Camer\u00fan.<\/strong> El 5 de Abril se ha celebrado, en Yaound\u00e9\/Nkolbisson, una Asamblea de los Claretianos de la Delegaci\u00f3n de \u00c1frica Central, presentes en Camer\u00fan. Presidi\u00f3 la Asamblea el Superior Mayor, P. M\u00e9dard Kwango CMF junto con los miembros de su Consejo.<\/p>\n<p>Con esta reuni\u00f3n se ha puesto en pr\u00e1ctica una de las recomendaciones de la Asamblea General de la Delegaci\u00f3n tenida en 2008, en cuanto a la necesidad de realizar m\u00e1s frecuentemente algunas asambleas regionales. Tambi\u00e9n se ha hecho eco de las recomendaciones del XXIV Cap\u00edtulo General y del Encuentro de superiores mayores de la Congregaci\u00f3n tenido en Colmenar Viejo en 2010.<\/p>\n<p>La Asamblea abord\u00f3 el proceso de renovaci\u00f3n congregacional a trav\u00e9s del proyecto \u201cLa Fragua en la vida cotidiana\u201d y trat\u00f3 algunos aspectos tanto de la reorganizaci\u00f3n de los Organismos de Congregaci\u00f3n, como de la situaci\u00f3n econ\u00f3mica de la Delegaci\u00f3n.<\/p>\n<p>El superior mayor, aprovech\u00f3 la ocasi\u00f3n para se\u00f1alar algunos temas surgidos durante las visitas can\u00f3nica efectuadas a las comunidades.<\/p>\n","protected":false},"excerpt":{"rendered":"<p>Yaound\u00e9, Camer\u00fan. El 5 de Abril se ha celebrado, en Yaound\u00e9\/Nkolbisson, una Asamblea de los Claretianos de la Delegaci\u00f3n de \u00c1frica Central, presentes en Camer\u00fan. Presidi\u00f3 la Asamblea el Superior Mayor, P. M\u00e9dard Kwango CMF junto con los miembros de su Consejo. Con esta reuni\u00f3n se ha puesto en pr\u00e1ctica una de las recomendaciones de [&hellip;]<\/p>\n","protected":false},"author":1,"featured_media":56789,"comment_status":"closed","ping_status":"closed","sticky":false,"template":"","format":"standard","meta":{"_et_pb_use_builder":"","_et_pb_old_content":"","_et_gb_content_width":"","footnotes":""},"categories":[132],"tags":[],"class_list":["post-56795","post","type-post","status-publish","format-standard","has-post-thumbnail","hentry","category-cameroun-es"],"jetpack_featured_media_url":"https:\/\/i0.wp.com\/www.claret.org\/wp-content\/uploads\/2019\/07\/Camern_Assemble_1.jpg?fit=450%2C305&ssl=1","jetpack_sharing_enabled":true,"jetpack_shortlink":"https:\/\/wp.me\/pdaBmi-eM3","jetpack_likes_enabled":true,"_links":{"self":[{"href":"https:\/\/www.claret.org\/es\/wp-json\/wp\/v2\/posts\/56795","targetHints":{"allow":["GET"]}}],"collection":[{"href":"https:\/\/www.claret.org\/es\/wp-json\/wp\/v2\/posts"}],"about":[{"href":"https:\/\/www.claret.org\/es\/wp-json\/wp\/v2\/types\/post"}],"author":[{"embeddable":true,"href":"https:\/\/www.claret.org\/es\/wp-json\/wp\/v2\/users\/1"}],"replies":[{"embeddable":true,"href":"https:\/\/www.claret.org\/es\/wp-json\/wp\/v2\/comments?post=56795"}],"version-history":[{"count":0,"href":"https:\/\/www.claret.org\/es\/wp-json\/wp\/v2\/posts\/56795\/revisions"}],"wp:featuredmedia":[{"embeddable":true,"href":"https:\/\/www.claret.org\/es\/wp-json\/wp\/v2\/media\/56789"}],"wp:attachment":[{"href":"https:\/\/www.claret.org\/es\/wp-json\/wp\/v2\/media?parent=56795"}],"wp:term":[{"taxonomy":"category","embeddable":true,"href":"https:\/\/www.claret.org\/es\/wp-json\/wp\/v2\/categories?post=56795"},{"taxonomy":"post_tag","embeddable":true,"href":"https:\/\/www.claret.org\/es\/wp-json\/wp\/v2\/tags?post=56795"}],"curies":[{"name":"wp","href":"https:\/\/api.w.org\/{rel}","templated":true}]}}