{"id":57140,"date":"2011-02-11T12:15:14","date_gmt":"2011-02-11T11:15:14","guid":{"rendered":"https:\/\/www.claret.org\/ephemerides-mariologicae-organiza-el-ix-foro-de-mariologia\/"},"modified":"2011-02-11T12:15:14","modified_gmt":"2011-02-11T11:15:14","slug":"ephemerides-mariologicae-organiza-el-ix-foro-de-mariologia","status":"publish","type":"post","link":"https:\/\/www.claret.org\/es\/ephemerides-mariologicae-organiza-el-ix-foro-de-mariologia\/","title":{"rendered":"\u2018Ephemerides Mariologicae\u2019 organiza el IX Foro de Mariolog\u00eda"},"content":{"rendered":"<p><strong>Madrid.<\/strong> El 12 de febrero, en los locales de la comunidad claretiana de Buen Suceso de Madrid, se celebra el IX Foro de Mariolog\u00eda que cada a\u00f1o organiza la revista \u2018Ephemerides Mariologicae\u2019.<br \/>\nDesde sus primeros pasos a comienzos de siglo, el Foro se ha trasformado en una cita atractiva y sugerente para quienes desean pensar con fe y hondura teol\u00f3gica el Misterio de Mar\u00eda, la Madre del Se\u00f1or, y formularlo con expresiones y conceptos propios del momento que vivimos.<\/p>\n<div><\/div>\n<p>En esta ocasi\u00f3n la ponencia principal corre a cargo del Prof. \u00c1ngel Aparicio CMF, catedr\u00e1tico de la Universidad Pontificia de Salamanca, titulada \u201cLa mirada de Dios se posa en Mar\u00eda: \u2018Ha mirado la humillaci\u00f3n de su esclava\u2019 (Lc 1, 48a)\u201d. A la intervenci\u00f3n del Prof. Aparicio, le seguir\u00e1n un breve descanso y un tiempo de di\u00e1logo abierto.<\/p>\n<p>La revista Ephemerides Mariologicae, en sus sesenta a\u00f1os de historia, adapt\u00e1ndose al ritmo de los tiempos, pretende con sus foros \u201ccrear un espacio abierto y \u00e1gil para compartir e intercambiar conocimientos, hip\u00f3tesis, informaci\u00f3n y nuevas propuestas en torno a la figura de Mar\u00eda en el designio de Dios y en la comuni\u00f3n de los santos\u201d.<\/p>\n","protected":false},"excerpt":{"rendered":"<p>Madrid. El 12 de febrero, en los locales de la comunidad claretiana de Buen Suceso de Madrid, se celebra el IX Foro de Mariolog\u00eda que cada a\u00f1o organiza la revista \u2018Ephemerides Mariologicae\u2019. Desde sus primeros pasos a comienzos de siglo, el Foro se ha trasformado en una cita atractiva y sugerente para quienes desean pensar [&hellip;]<\/p>\n","protected":false},"author":1,"featured_media":57134,"comment_status":"closed","ping_status":"closed","sticky":false,"template":"","format":"standard","meta":{"_et_pb_use_builder":"","_et_pb_old_content":"","_et_gb_content_width":"","footnotes":""},"categories":[583],"tags":[],"class_list":["post-57140","post","type-post","status-publish","format-standard","has-post-thumbnail","hentry","category-escuela-del-corazon-de-maria"],"jetpack_featured_media_url":"https:\/\/i0.wp.com\/www.claret.org\/wp-content\/uploads\/2019\/07\/Anunciacin_Cerezo1.jpg?fit=302%2C450&ssl=1","jetpack_sharing_enabled":true,"jetpack_shortlink":"https:\/\/wp.me\/pdaBmi-eRC","jetpack_likes_enabled":true,"_links":{"self":[{"href":"https:\/\/www.claret.org\/es\/wp-json\/wp\/v2\/posts\/57140","targetHints":{"allow":["GET"]}}],"collection":[{"href":"https:\/\/www.claret.org\/es\/wp-json\/wp\/v2\/posts"}],"about":[{"href":"https:\/\/www.claret.org\/es\/wp-json\/wp\/v2\/types\/post"}],"author":[{"embeddable":true,"href":"https:\/\/www.claret.org\/es\/wp-json\/wp\/v2\/users\/1"}],"replies":[{"embeddable":true,"href":"https:\/\/www.claret.org\/es\/wp-json\/wp\/v2\/comments?post=57140"}],"version-history":[{"count":0,"href":"https:\/\/www.claret.org\/es\/wp-json\/wp\/v2\/posts\/57140\/revisions"}],"wp:featuredmedia":[{"embeddable":true,"href":"https:\/\/www.claret.org\/es\/wp-json\/wp\/v2\/media\/57134"}],"wp:attachment":[{"href":"https:\/\/www.claret.org\/es\/wp-json\/wp\/v2\/media?parent=57140"}],"wp:term":[{"taxonomy":"category","embeddable":true,"href":"https:\/\/www.claret.org\/es\/wp-json\/wp\/v2\/categories?post=57140"},{"taxonomy":"post_tag","embeddable":true,"href":"https:\/\/www.claret.org\/es\/wp-json\/wp\/v2\/tags?post=57140"}],"curies":[{"name":"wp","href":"https:\/\/api.w.org\/{rel}","templated":true}]}}