{"id":57154,"date":"2011-02-10T12:19:50","date_gmt":"2011-02-10T11:19:50","guid":{"rendered":"https:\/\/www.claret.org\/simposio-sobre-teologia-de-la-vida-religiosa-apostolica\/"},"modified":"2011-02-10T12:19:50","modified_gmt":"2011-02-10T11:19:50","slug":"simposio-sobre-teologia-de-la-vida-religiosa-apostolica","status":"publish","type":"post","link":"https:\/\/www.claret.org\/es\/simposio-sobre-teologia-de-la-vida-religiosa-apostolica\/","title":{"rendered":"Simposio sobre Teolog\u00eda de la Vida Religiosa Apost\u00f3lica"},"content":{"rendered":"<p><strong>Roma.<\/strong> Convocado por la Uni\u00f3n de Superiores Generales (USG) y la Uni\u00f3n Internacional de Superioras Generales (UISG), del 7 al 11 de febrero de 2011 se desarrolla en Roma el Simposio sobre Teolog\u00eda de la Vida Religiosa titulado:\u201cTeolog\u00eda de la vida consagrada. Identidad y significatividad de la Vida Consagrada apost\u00f3lica\u201d.<\/p>\n<p>Participan 10 Superiores Generales, entre ellos el P. Josep Ma. Abella, CMF y 10 Superioras Generales. Adem\u00e1s, han sido convocados 15 te\u00f3logos propuestos por la USG y 15 te\u00f3logas propuestas por la UISG. Entre los te\u00f3logos destaca el P. Samuel Canilang, CMF, Director del ICLA de Manila.<br \/>\nParticipa tambi\u00e9n el claretiano P. Bonifacio Fern\u00e1ndez CMF, representando el Instituto de Teolog\u00eda de la Vida Religiosa de Madrid.<br \/>\nEl resultado de estas reflexiones ser\u00e1 materia para el discernimiento de los Superiores Generales de la USG que se reunir\u00e1n en Asamblea en el mes de mayo.<\/p>\n","protected":false},"excerpt":{"rendered":"<p>Roma. Convocado por la Uni\u00f3n de Superiores Generales (USG) y la Uni\u00f3n Internacional de Superioras Generales (UISG), del 7 al 11 de febrero de 2011 se desarrolla en Roma el Simposio sobre Teolog\u00eda de la Vida Religiosa titulado:\u201cTeolog\u00eda de la vida consagrada. Identidad y significatividad de la Vida Consagrada apost\u00f3lica\u201d. Participan 10 Superiores Generales, entre [&hellip;]<\/p>\n","protected":false},"author":1,"featured_media":57147,"comment_status":"closed","ping_status":"closed","sticky":false,"template":"","format":"standard","meta":{"_et_pb_use_builder":"","_et_pb_old_content":"","_et_gb_content_width":"","footnotes":""},"categories":[1698,417],"tags":[],"class_list":["post-57154","post","type-post","status-publish","format-standard","has-post-thumbnail","hentry","category-escolasticado","category-vida-consagrada"],"jetpack_featured_media_url":"https:\/\/i0.wp.com\/www.claret.org\/wp-content\/uploads\/2019\/07\/USG.jpg?fit=178%2C400&ssl=1","jetpack_sharing_enabled":true,"jetpack_shortlink":"https:\/\/wp.me\/pdaBmi-eRQ","jetpack_likes_enabled":true,"_links":{"self":[{"href":"https:\/\/www.claret.org\/es\/wp-json\/wp\/v2\/posts\/57154","targetHints":{"allow":["GET"]}}],"collection":[{"href":"https:\/\/www.claret.org\/es\/wp-json\/wp\/v2\/posts"}],"about":[{"href":"https:\/\/www.claret.org\/es\/wp-json\/wp\/v2\/types\/post"}],"author":[{"embeddable":true,"href":"https:\/\/www.claret.org\/es\/wp-json\/wp\/v2\/users\/1"}],"replies":[{"embeddable":true,"href":"https:\/\/www.claret.org\/es\/wp-json\/wp\/v2\/comments?post=57154"}],"version-history":[{"count":0,"href":"https:\/\/www.claret.org\/es\/wp-json\/wp\/v2\/posts\/57154\/revisions"}],"wp:featuredmedia":[{"embeddable":true,"href":"https:\/\/www.claret.org\/es\/wp-json\/wp\/v2\/media\/57147"}],"wp:attachment":[{"href":"https:\/\/www.claret.org\/es\/wp-json\/wp\/v2\/media?parent=57154"}],"wp:term":[{"taxonomy":"category","embeddable":true,"href":"https:\/\/www.claret.org\/es\/wp-json\/wp\/v2\/categories?post=57154"},{"taxonomy":"post_tag","embeddable":true,"href":"https:\/\/www.claret.org\/es\/wp-json\/wp\/v2\/tags?post=57154"}],"curies":[{"name":"wp","href":"https:\/\/api.w.org\/{rel}","templated":true}]}}