{"id":57353,"date":"2011-01-13T16:18:43","date_gmt":"2011-01-13T15:18:43","guid":{"rendered":"https:\/\/www.claret.org\/en-el-aniversario-del-terremoto-de-haiti\/"},"modified":"2011-01-13T16:18:43","modified_gmt":"2011-01-13T15:18:43","slug":"en-el-aniversario-del-terremoto-de-haiti","status":"publish","type":"post","link":"https:\/\/www.claret.org\/es\/en-el-aniversario-del-terremoto-de-haiti\/","title":{"rendered":"En el aniversario del terremoto de Hait\u00ed"},"content":{"rendered":"<h1 class=\"title\"><strong>Puerto Pr\u00edncipe, Hait\u00ed.<\/strong> El 12 de enero de 2011 el mundo entero ha recordado el terrible terremoto que sacudi\u00f3 a Puerto Pr\u00edncipe.  El pueblo haitiano qued\u00f3 destru\u00eddo y sumido en una terrible oscuridad.  Hoy, 365 d\u00edas m\u00e1s tarde, nuestros corazones a\u00fan comulgan con su sufrimiento pero queremos mirar el futuro con ESPERANZA.<\/h1>\n<p>PROMICLA (Procura Misionera Claretiana de la Delegaci\u00f3n de Antillas), en la que colaboran en misi\u00f3n compartida nuestros misioneros con un gran equipo de laicas y laicos, nos invitan a contemplar una presentaci\u00f3n en power point y elevar al Dios de la Vida una oraci\u00f3n por el pueblo haitiano que sigue sufriendo las consecuencias de la cat\u00e1strofe, pero que tambi\u00e9n agradece las muestras de fraternidad y la generosidad que ha experimentado.<\/p>\n<p>Se puede acceder a la presentaci\u00f3n en este link:<br \/>\n<a href=\"http:\/\/promicla.blogspot.com\/2011\/01\/primer-aniversario-del-terremoto-en.html\" rel=\"nofollow noopener\" target=\"_blank\">http:\/\/promicla.blogspot.com\/2011\/01\/primer-aniversario-del-terremoto-en.html<\/a><\/p>\n","protected":false},"excerpt":{"rendered":"<p>Puerto Pr\u00edncipe, Hait\u00ed. El 12 de enero de 2011 el mundo entero ha recordado el terrible terremoto que sacudi\u00f3 a Puerto Pr\u00edncipe. El pueblo haitiano qued\u00f3 destru\u00eddo y sumido en una terrible oscuridad. Hoy, 365 d\u00edas m\u00e1s tarde, nuestros corazones a\u00fan comulgan con su sufrimiento pero queremos mirar el futuro con ESPERANZA. PROMICLA (Procura Misionera [&hellip;]<\/p>\n","protected":false},"author":1,"featured_media":57347,"comment_status":"closed","ping_status":"closed","sticky":false,"template":"","format":"standard","meta":{"_et_pb_use_builder":"","_et_pb_old_content":"","_et_gb_content_width":"","footnotes":""},"categories":[361],"tags":[],"class_list":["post-57353","post","type-post","status-publish","format-standard","has-post-thumbnail","hentry","category-antillas-es"],"jetpack_featured_media_url":"https:\/\/i0.wp.com\/www.claret.org\/wp-content\/uploads\/2019\/07\/Haiti_10.jpg?fit=800%2C600&ssl=1","jetpack_sharing_enabled":true,"jetpack_shortlink":"https:\/\/wp.me\/pdaBmi-eV3","jetpack_likes_enabled":true,"_links":{"self":[{"href":"https:\/\/www.claret.org\/es\/wp-json\/wp\/v2\/posts\/57353","targetHints":{"allow":["GET"]}}],"collection":[{"href":"https:\/\/www.claret.org\/es\/wp-json\/wp\/v2\/posts"}],"about":[{"href":"https:\/\/www.claret.org\/es\/wp-json\/wp\/v2\/types\/post"}],"author":[{"embeddable":true,"href":"https:\/\/www.claret.org\/es\/wp-json\/wp\/v2\/users\/1"}],"replies":[{"embeddable":true,"href":"https:\/\/www.claret.org\/es\/wp-json\/wp\/v2\/comments?post=57353"}],"version-history":[{"count":0,"href":"https:\/\/www.claret.org\/es\/wp-json\/wp\/v2\/posts\/57353\/revisions"}],"wp:featuredmedia":[{"embeddable":true,"href":"https:\/\/www.claret.org\/es\/wp-json\/wp\/v2\/media\/57347"}],"wp:attachment":[{"href":"https:\/\/www.claret.org\/es\/wp-json\/wp\/v2\/media?parent=57353"}],"wp:term":[{"taxonomy":"category","embeddable":true,"href":"https:\/\/www.claret.org\/es\/wp-json\/wp\/v2\/categories?post=57353"},{"taxonomy":"post_tag","embeddable":true,"href":"https:\/\/www.claret.org\/es\/wp-json\/wp\/v2\/tags?post=57353"}],"curies":[{"name":"wp","href":"https:\/\/api.w.org\/{rel}","templated":true}]}}