{"id":57726,"date":"2010-12-09T18:24:33","date_gmt":"2010-12-09T17:24:33","guid":{"rendered":"https:\/\/www.claret.org\/mantener-vivo-el-fuego-en-nosotros\/"},"modified":"2010-12-09T18:24:33","modified_gmt":"2010-12-09T17:24:33","slug":"mantener-vivo-el-fuego-en-nosotros","status":"publish","type":"post","link":"https:\/\/www.claret.org\/es\/mantener-vivo-el-fuego-en-nosotros\/","title":{"rendered":"Mantener vivo el fuego en nosotros"},"content":{"rendered":"<p><strong>Lagos, Nigeria.<\/strong> SEGUNDA ASAMBLEA GENERAL DE LA DELEGACI\u00d3N DE NIGERIA DEL OESTE.<\/p>\n<p>Del 6 al 9 de diciembre de 2010 se ha celebrado la segunda asamblea general de la Delegaci\u00f3n Independiente de Nigeria del Oeste. Han participado los miembros profesos de la misma, reunidos el Centro de Recursos de la Arquidi\u00f3cesis en Victoria Island, Lagos.<\/p>\n<p>A las 9 de la noche del d\u00eda seis se tuvo la sesi\u00f3n de apertura con una oraci\u00f3n de apertura dirigida por el P. Mathias Nwaiwu. A continuaci\u00f3n el Superior Mayor P. Henry Omonisaye dio la bienvenida oficial al P Emmanuel Edeh, Presidente de la Asamblea y representante del Superior General quien, a su vez, dirigi\u00f3 un saludo y explic\u00f3 las normas de procedimiento. La Asamblea design\u00f3 a los Padres Fosudo Crist\u00f3bal y Mathias Iheonu como moderadores y a los Padres Ezeokeke Gregorio y Anjah Samuel, como secretarios.<\/p>\n<p>El P. Omonisaye destac\u00f3 tambi\u00e9n la necesidad de enfrentar positivamente los desaf\u00edos misioneros que se presentan a la Congregaci\u00f3n y a la Delegaci\u00f3n.<br \/>\nEstos desaf\u00edos s\u00f3lo pueden ser enfrentados \u00aben esp\u00edritu de oraci\u00f3n y discernimiento, de manera que nuestras iniciativas apost\u00f3licas no se realicen de acuerdo a nuestros caprichos, sino de acuerdo a las necesidades reales de nuestro tiempo.\u00bb Entre los desaf\u00edos concretos mencion\u00f3 la necesidad de llegar a la autonom\u00eda econ\u00f3mica de Nigeria del Oeste como Organismo mayor, la espiritualidad y la formaci\u00f3n.<\/p>\n<p>En una de sus intervenciones el P. Emmanuel Edeh, basado en la experiencia adquirida durante su estancia en Roma desde que fue nombrado Consultor, habl\u00f3 de la imagen positiva que actualmente se tiene de los claretianos de Nigeria entre los miembros  del Gobierno General. La intenci\u00f3n de este discurso ha sido la de valorar la identidad claretiana de los miembros de la Delegaci\u00f3n  y expresar su admiraci\u00f3n por el Plan de Apostolado que la Delegaci\u00f3n se ha propuesto para los pr\u00f3ximos tres a\u00f1os.<\/p>\n<p>Despu\u00e9s del discurso del P. Edeh, el Secretario de la Delegaci\u00f3n, a trav\u00e9s de un gr\u00e1fico de power point, dio un informe detallado del estado actual del Organismo integrada por los siguientes aspectos: ubicaci\u00f3n geogr\u00e1fica y estad\u00edstica de la Delegaci\u00f3n, Gobierno y animaci\u00f3n, las Prefecturas de la Espiritualidad, Formaci\u00f3n, Apostolado y, finalmente, la Pastoral Vocacional.<br \/>\nMas tarde el Ec\u00f3nomo, P. Anthony Obadina cmf, present\u00f3 un informe detallado de las finanzas de la Delegaci\u00f3n.<\/p>\n","protected":false},"excerpt":{"rendered":"<p>Lagos, Nigeria. SEGUNDA ASAMBLEA GENERAL DE LA DELEGACI\u00d3N DE NIGERIA DEL OESTE. Del 6 al 9 de diciembre de 2010 se ha celebrado la segunda asamblea general de la Delegaci\u00f3n Independiente de Nigeria del Oeste. Han participado los miembros profesos de la misma, reunidos el Centro de Recursos de la Arquidi\u00f3cesis en Victoria Island, Lagos. [&hellip;]<\/p>\n","protected":false},"author":1,"featured_media":57723,"comment_status":"closed","ping_status":"closed","sticky":false,"template":"","format":"standard","meta":{"_et_pb_use_builder":"","_et_pb_old_content":"","_et_gb_content_width":"","footnotes":""},"categories":[189],"tags":[],"class_list":["post-57726","post","type-post","status-publish","format-standard","has-post-thumbnail","hentry","category-west-nigeria-es"],"jetpack_featured_media_url":"https:\/\/i0.wp.com\/www.claret.org\/wp-content\/uploads\/2019\/07\/WestNigeria1.jpg?fit=600%2C450&ssl=1","jetpack_sharing_enabled":true,"jetpack_shortlink":"https:\/\/wp.me\/pdaBmi-f14","jetpack_likes_enabled":true,"_links":{"self":[{"href":"https:\/\/www.claret.org\/es\/wp-json\/wp\/v2\/posts\/57726","targetHints":{"allow":["GET"]}}],"collection":[{"href":"https:\/\/www.claret.org\/es\/wp-json\/wp\/v2\/posts"}],"about":[{"href":"https:\/\/www.claret.org\/es\/wp-json\/wp\/v2\/types\/post"}],"author":[{"embeddable":true,"href":"https:\/\/www.claret.org\/es\/wp-json\/wp\/v2\/users\/1"}],"replies":[{"embeddable":true,"href":"https:\/\/www.claret.org\/es\/wp-json\/wp\/v2\/comments?post=57726"}],"version-history":[{"count":0,"href":"https:\/\/www.claret.org\/es\/wp-json\/wp\/v2\/posts\/57726\/revisions"}],"wp:featuredmedia":[{"embeddable":true,"href":"https:\/\/www.claret.org\/es\/wp-json\/wp\/v2\/media\/57723"}],"wp:attachment":[{"href":"https:\/\/www.claret.org\/es\/wp-json\/wp\/v2\/media?parent=57726"}],"wp:term":[{"taxonomy":"category","embeddable":true,"href":"https:\/\/www.claret.org\/es\/wp-json\/wp\/v2\/categories?post=57726"},{"taxonomy":"post_tag","embeddable":true,"href":"https:\/\/www.claret.org\/es\/wp-json\/wp\/v2\/tags?post=57726"}],"curies":[{"name":"wp","href":"https:\/\/api.w.org\/{rel}","templated":true}]}}