{"id":57777,"date":"2010-12-06T09:09:48","date_gmt":"2010-12-06T08:09:48","guid":{"rendered":"https:\/\/www.claret.org\/se-publican-escritos-del-p-augusto-andres-ortega-cmf\/"},"modified":"2010-12-06T09:09:48","modified_gmt":"2010-12-06T08:09:48","slug":"se-publican-escritos-del-p-augusto-andres-ortega-cmf","status":"publish","type":"post","link":"https:\/\/www.claret.org\/es\/se-publican-escritos-del-p-augusto-andres-ortega-cmf\/","title":{"rendered":"Se publican escritos del P. Augusto Andr\u00e9s Ortega CMF"},"content":{"rendered":"<p><b>Salamanca, Espa\u00f1a.<\/b> El pasado 30 de Noviembre, la Universidad de Salamanca fue escenario de la presentaci\u00f3n de los tres vol\u00famenes de los \u201cEscritos Filos\u00f3ficos y Teol\u00f3gicos\u201d del P. Augusto Andr\u00e9s Ortega CMF, editados por la prestigiada Biblioteca de Autores Cristianos (BAC).<\/p>\n<p>Se trataba de un merecido homenaje p\u00f3stumo, a casi treinta a\u00f1os de la muerte del Autor (en 1983).<\/p>\n<p>El P. Augusto Andr\u00e9s, Misionero de la Provincia B\u00e9tica, fue profesor en m\u00e1s de una docena de instituciones de relieve internacional (entre ellas el Claretianum de Roma, la Universidad Pontificia de Salamanca y la Universidad Internacional Men\u00e9ndez Pelayo), y autor de cientos de p\u00e1ginas de reflexi\u00f3n filos\u00f3fica y teol\u00f3gica.<\/p>\n<p>Colaborador discreto de acontecimientos congregacionales important\u00edsimos, como la profundizaci\u00f3n en el esp\u00edritu y misi\u00f3n de S. Antonio Mar\u00eda Claret, la renovaci\u00f3n pos-conciliar de la Congregaci\u00f3n o la orientaci\u00f3n de sus centros de estudio, el P. Augusto Andr\u00e9s fue una figura muy respetada por los mejores fil\u00f3sofos y pensadores espa\u00f1oles de la segunda mitad del siglo XX y estableci\u00f3 muy valiosos e importantes puentes de contacto entre la fe, la pasi\u00f3n por el Evangelio y la cultura.<\/p>\n<p>En la presentaci\u00f3n se hicieron presentes algunos claretianos del \u00e1mbito universitario como Mons. Fernando Sebasti\u00e1n Aguilar, Arzobispo em\u00e9rito de Pamplona y los PP. Jos\u00e9 Luis Caballero, Manuel Carrasco, Ildefonso Murillo y Jos\u00e9 Cristo Rey Garc\u00eda Paredes, que han sido figuras clave en el rescate de la obra escrita del P. Augusto.<\/p>\n","protected":false},"excerpt":{"rendered":"<p>Salamanca, Espa\u00f1a. El pasado 30 de Noviembre, la Universidad de Salamanca fue escenario de la presentaci\u00f3n de los tres vol\u00famenes de los \u201cEscritos Filos\u00f3ficos y Teol\u00f3gicos\u201d del P. Augusto Andr\u00e9s Ortega CMF, editados por la prestigiada Biblioteca de Autores Cristianos (BAC). Se trataba de un merecido homenaje p\u00f3stumo, a casi treinta a\u00f1os de la muerte [&hellip;]<\/p>\n","protected":false},"author":1,"featured_media":57773,"comment_status":"closed","ping_status":"closed","sticky":false,"template":"","format":"standard","meta":{"_et_pb_use_builder":"","_et_pb_old_content":"","_et_gb_content_width":"","footnotes":""},"categories":[256],"tags":[],"class_list":["post-57777","post","type-post","status-publish","format-standard","has-post-thumbnail","hentry","category-claret-publishing-group-es"],"jetpack_featured_media_url":"https:\/\/i0.wp.com\/www.claret.org\/wp-content\/uploads\/2019\/07\/AugustoA_Ortega.jpg?fit=400%2C620&ssl=1","jetpack_sharing_enabled":true,"jetpack_shortlink":"https:\/\/wp.me\/pdaBmi-f1T","jetpack_likes_enabled":true,"_links":{"self":[{"href":"https:\/\/www.claret.org\/es\/wp-json\/wp\/v2\/posts\/57777","targetHints":{"allow":["GET"]}}],"collection":[{"href":"https:\/\/www.claret.org\/es\/wp-json\/wp\/v2\/posts"}],"about":[{"href":"https:\/\/www.claret.org\/es\/wp-json\/wp\/v2\/types\/post"}],"author":[{"embeddable":true,"href":"https:\/\/www.claret.org\/es\/wp-json\/wp\/v2\/users\/1"}],"replies":[{"embeddable":true,"href":"https:\/\/www.claret.org\/es\/wp-json\/wp\/v2\/comments?post=57777"}],"version-history":[{"count":0,"href":"https:\/\/www.claret.org\/es\/wp-json\/wp\/v2\/posts\/57777\/revisions"}],"wp:featuredmedia":[{"embeddable":true,"href":"https:\/\/www.claret.org\/es\/wp-json\/wp\/v2\/media\/57773"}],"wp:attachment":[{"href":"https:\/\/www.claret.org\/es\/wp-json\/wp\/v2\/media?parent=57777"}],"wp:term":[{"taxonomy":"category","embeddable":true,"href":"https:\/\/www.claret.org\/es\/wp-json\/wp\/v2\/categories?post=57777"},{"taxonomy":"post_tag","embeddable":true,"href":"https:\/\/www.claret.org\/es\/wp-json\/wp\/v2\/tags?post=57777"}],"curies":[{"name":"wp","href":"https:\/\/api.w.org\/{rel}","templated":true}]}}