{"id":58157,"date":"2010-07-17T10:52:51","date_gmt":"2010-07-17T08:52:51","guid":{"rendered":"https:\/\/www.claret.org\/mensaje-del-p-general\/"},"modified":"2010-07-17T10:52:51","modified_gmt":"2010-07-17T08:52:51","slug":"mensaje-del-p-general","status":"publish","type":"post","link":"https:\/\/www.claret.org\/es\/mensaje-del-p-general\/","title":{"rendered":"Mensaje del P. General"},"content":{"rendered":"<p><strong>Roma<\/strong>. Con motivo del 161 Aniversario de la Congregaci\u00f3n, el P. General felicita a todos los claretianos y env\u00eda el siguiente Mensaje:<\/p>\n<p><strong>                              161 A\u00d1OS<\/strong><\/p>\n<p>El d\u00eda 16 de julio la Congregaci\u00f3n celebra su 161 cumplea\u00f1os. Seguimos caminando alentados por el Esp\u00edritu del Padre y de la Madre (cf. Aut 687) que sostienen nuestras vias y ponen en nuestros labios la palabra que hemos sido enviados a proclamar.<\/p>\n<p>No queremos que el fuego de este carisma misionero se<\/p>\n<p>apague. Le pedimos al Esp\u00edritu que lo mantenga vivo y radiante, y nos disponemos a secundar su acci\u00f3n en nosotros.<\/p>\n<p>Nuestra Congregaci\u00f3n tendr\u00e1 sentido mientras toda ella y cada uno de sus miembros en particular sean capaces de dejarse abrasar por este fuego, renunciando radicalmenete a cualquier otro tipo de intereses u objetivos.<\/p>\n<p>\u00c9ste es el testimonio de nuestros hermanos m\u00e1rtires de Sig\u00fcenza y Fern\u00e1n Caballero (Espa\u00f1a). El Papa Benedicto XVI nos hizo un regalo de cumplea\u00f1os adelantado este a\u00f1o, cuando, el d\u00eda 1 de julio, autoriz\u00f3 la promulgaci\u00f3n del decreto del martirio de estos 16 hermanos nuestros, asesinados durante la guerra civil espa\u00f1ola, entre quienes se encuentra un colombiano.<\/p>\n<p>No sabemos cu\u00e1ndo va a ser su beatificaci\u00f3n porque quedan todav\u00eda otros grupos de m\u00e1rtires, entre ellos los claretianos que sufrieron el martirio en Tarragona, que deber\u00edan sumarse al grupo de quienes van a ser beatificados; pero el d\u00eda no puede estar lejano.<\/p>\n<p>Exhorto a todos a acoger esta noticia como una gracia que nos estimula a vivir con mayor generosidad nuestra vocaci\u00f3n.<\/p>\n<p>No dejemos de acercarnos a las fuentes que nos narran el camino martirial de nuestros hermanos de Sig\u00fcenza y Fern\u00e1n Caballero. Contamos con documentos en espa\u00f1ol y en ingl\u00e9s que nos ayudan a ello.<\/p>\n<p>Que el Se\u00f1or os bendiga a cada uno y os haga instrumentos de su bendici\u00f3n para muchos. \u201c\u00a1Oh Dios m\u00edo, bendito se\u00e1is por haberos dignado escoger a vuestros humildes siervos para hijos del Inmaculado Coraz\u00f3nde vuestra Sant\u00edsima Madre!\u201d (Aut 492).<\/p>\n<p>\u201c\u00a1Oh Madre bendit\u00edsima, mil alabanzas os sean dadas por la fineza de vuestro Coraz\u00f3n y habernos tomado por hijos vuestros! Haced, Madre m\u00eda, que correspondamos a tanta bondad, que cada d\u00eda seamos m\u00e1s humildes, m\u00e1s fervorosos y m\u00e1s celosos de la salvaci\u00f3n de las almas\u201d (Aut 493).<\/p>\n<p>FELIZ CELEBRACI\u00d3N DEL 161 ANIVERSARIO DE LA FUNDACI\u00d3N<\/p>\n<p>Josep M. Abella, cmf. Superior General<\/p>\n","protected":false},"excerpt":{"rendered":"<p>Roma. Con motivo del 161 Aniversario de la Congregaci\u00f3n, el P. General felicita a todos los claretianos y env\u00eda el siguiente Mensaje: 161 A\u00d1OS El d\u00eda 16 de julio la Congregaci\u00f3n celebra su 161 cumplea\u00f1os. Seguimos caminando alentados por el Esp\u00edritu del Padre y de la Madre (cf. Aut 687) que sostienen nuestras vias y [&hellip;]<\/p>\n","protected":false},"author":1,"featured_media":0,"comment_status":"closed","ping_status":"closed","sticky":false,"template":"","format":"standard","meta":{"_et_pb_use_builder":"","_et_pb_old_content":"","_et_gb_content_width":"","footnotes":""},"categories":[541,1613,533],"tags":[],"class_list":["post-58157","post","type-post","status-publish","format-standard","hentry","category-aniversarios","category-josep-abella-batlle-es","category-la-congregacion"],"jetpack_featured_media_url":"","jetpack_sharing_enabled":true,"jetpack_shortlink":"https:\/\/wp.me\/pdaBmi-f81","jetpack_likes_enabled":true,"_links":{"self":[{"href":"https:\/\/www.claret.org\/es\/wp-json\/wp\/v2\/posts\/58157","targetHints":{"allow":["GET"]}}],"collection":[{"href":"https:\/\/www.claret.org\/es\/wp-json\/wp\/v2\/posts"}],"about":[{"href":"https:\/\/www.claret.org\/es\/wp-json\/wp\/v2\/types\/post"}],"author":[{"embeddable":true,"href":"https:\/\/www.claret.org\/es\/wp-json\/wp\/v2\/users\/1"}],"replies":[{"embeddable":true,"href":"https:\/\/www.claret.org\/es\/wp-json\/wp\/v2\/comments?post=58157"}],"version-history":[{"count":0,"href":"https:\/\/www.claret.org\/es\/wp-json\/wp\/v2\/posts\/58157\/revisions"}],"wp:attachment":[{"href":"https:\/\/www.claret.org\/es\/wp-json\/wp\/v2\/media?parent=58157"}],"wp:term":[{"taxonomy":"category","embeddable":true,"href":"https:\/\/www.claret.org\/es\/wp-json\/wp\/v2\/categories?post=58157"},{"taxonomy":"post_tag","embeddable":true,"href":"https:\/\/www.claret.org\/es\/wp-json\/wp\/v2\/tags?post=58157"}],"curies":[{"name":"wp","href":"https:\/\/api.w.org\/{rel}","templated":true}]}}