{"id":58169,"date":"2010-07-10T11:04:14","date_gmt":"2010-07-10T09:04:14","guid":{"rendered":"https:\/\/www.claret.org\/seminario-de-espiritualidad-en-tanzania\/"},"modified":"2010-07-10T11:04:14","modified_gmt":"2010-07-10T09:04:14","slug":"seminario-de-espiritualidad-en-tanzania","status":"publish","type":"post","link":"https:\/\/www.claret.org\/es\/seminario-de-espiritualidad-en-tanzania\/","title":{"rendered":"Seminario de espiritualidad en Tanzania"},"content":{"rendered":"<p><strong>Morogoro, Tanzania<\/strong>. Un grupo de claretianos que desempe\u00f1an su misi\u00f3n en Uganda, Kenya y Tanzania, se han reunido en un seminario de renovaci\u00f3n en la espiritualidad claretiana.<\/p>\n<p>Este curso de formaci\u00f3n continua fue desarrollado en nuestra Casa de formaci\u00f3n \u201cM\u00e1rtires de Barbastro\u201d en Morogoro, Tanzania, del 21 al 26 de Mayo de 2010. El P. Gonzalo Fern\u00e1ndez, Prefecto General de<\/p>\n<p>Espiritualidad, fue el responsable del programa.<\/p>\n<p>Para ello present\u00f3 varios temas concernientes a nuestro patrimonio espiritual y, de modo especial, el documento del XXIV Cap\u00edtulo General \u201cHombres que arden en caridad\u201d. Con este trasfondo, el P. Gonzalo alent\u00f3 a los misioneros a aunar esfuerzos con la congregaci\u00f3n para poner en pr\u00e1ctica las recomendaciones surgidas en el Cap\u00edtulo General.<\/p>\n<p>Otros temas abordados durante el seminario fueron los referentes al conocimiento y relaci\u00f3n con el P. Fundador, la comunicaci\u00f3n y los medios de comuni\u00f3n, etc. Por su relevancia, se ha destacado el proyecto de \u201cLa Fragua en la vida cotidiana\u201d. Los participantes en el curso han sido invitados a asumirlo activamente y a promoverlo en sus respectivas comunidades.<\/p>\n<p>El P. Gonzalo ha suscitado un especial inter\u00e9s en el desarrollo del curso, vali\u00e9ndose de presentaciones en \u201cDVD\u201d y \u201cpower point\u201d. Adem\u00e1s de animar este seminario, el P. Gonzalo ha visitado casi todas las comunidades claretianas de Uganda, Kenya y Tanzania.<\/p>\n","protected":false},"excerpt":{"rendered":"<p>Morogoro, Tanzania. Un grupo de claretianos que desempe\u00f1an su misi\u00f3n en Uganda, Kenya y Tanzania, se han reunido en un seminario de renovaci\u00f3n en la espiritualidad claretiana. Este curso de formaci\u00f3n continua fue desarrollado en nuestra Casa de formaci\u00f3n \u201cM\u00e1rtires de Barbastro\u201d en Morogoro, Tanzania, del 21 al 26 de Mayo de 2010. El P. [&hellip;]<\/p>\n","protected":false},"author":1,"featured_media":0,"comment_status":"closed","ping_status":"closed","sticky":false,"template":"","format":"standard","meta":{"_et_pb_use_builder":"","_et_pb_old_content":"","_et_gb_content_width":"","footnotes":""},"categories":[618,184],"tags":[],"class_list":["post-58169","post","type-post","status-publish","format-standard","hentry","category-la-fragua","category-st-charles-lwanga-es"],"jetpack_featured_media_url":"","jetpack_sharing_enabled":true,"jetpack_shortlink":"https:\/\/wp.me\/pdaBmi-f8d","jetpack_likes_enabled":true,"_links":{"self":[{"href":"https:\/\/www.claret.org\/es\/wp-json\/wp\/v2\/posts\/58169","targetHints":{"allow":["GET"]}}],"collection":[{"href":"https:\/\/www.claret.org\/es\/wp-json\/wp\/v2\/posts"}],"about":[{"href":"https:\/\/www.claret.org\/es\/wp-json\/wp\/v2\/types\/post"}],"author":[{"embeddable":true,"href":"https:\/\/www.claret.org\/es\/wp-json\/wp\/v2\/users\/1"}],"replies":[{"embeddable":true,"href":"https:\/\/www.claret.org\/es\/wp-json\/wp\/v2\/comments?post=58169"}],"version-history":[{"count":0,"href":"https:\/\/www.claret.org\/es\/wp-json\/wp\/v2\/posts\/58169\/revisions"}],"wp:attachment":[{"href":"https:\/\/www.claret.org\/es\/wp-json\/wp\/v2\/media?parent=58169"}],"wp:term":[{"taxonomy":"category","embeddable":true,"href":"https:\/\/www.claret.org\/es\/wp-json\/wp\/v2\/categories?post=58169"},{"taxonomy":"post_tag","embeddable":true,"href":"https:\/\/www.claret.org\/es\/wp-json\/wp\/v2\/tags?post=58169"}],"curies":[{"name":"wp","href":"https:\/\/api.w.org\/{rel}","templated":true}]}}