{"id":58214,"date":"2010-06-12T12:31:10","date_gmt":"2010-06-12T10:31:10","guid":{"rendered":"https:\/\/www.claret.org\/el-p-claret-es-recordado-por-los-sacerdotes-en-la-plaza-de-san-pedro\/"},"modified":"2010-06-12T12:31:10","modified_gmt":"2010-06-12T10:31:10","slug":"el-p-claret-es-recordado-por-los-sacerdotes-en-la-plaza-de-san-pedro","status":"publish","type":"post","link":"https:\/\/www.claret.org\/es\/el-p-claret-es-recordado-por-los-sacerdotes-en-la-plaza-de-san-pedro\/","title":{"rendered":"El P. Claret es recordado por los sacerdotes en la Plaza de San Pedro"},"content":{"rendered":"<p><strong>Cd. Del Vaticano<\/strong>. Unos quince mil sacerdotes de todo el mundo asistieron la noche del 10 de Junio a la Plaza de San Pedro. Esta concentraci\u00f3n sacerdotal ha sido considerada la mayor en la historia de la Iglesia.<\/p>\n<p>Respondiendo a la convocatoria del Papa Benedicto XVI, se ha tenido una Vigilia de oraci\u00f3n como parte<\/p>\n<p>de las celebraciones conclusivas del \u201cA\u00f1o Sacerdotal\u201d.<\/p>\n<p>Entre esta multitud, una peque\u00f1a representaci\u00f3n claretiana ha gozado al descubrir que, en los asientos reservados a los sacerdotes, les esperaba un obsequio: un peque\u00f1o libro editado por la Congregaci\u00f3n para el Clero. El libro se titula \u201cAdorazione eucaristica per la santificazione dei sacerdote e maternit\u00e0 spirituale\u201d.<\/p>\n<p>Al final del libro, en las p\u00e1ginas 48-50 se encuentran unos textos del P. Fundador y una imagen del mismo. Esta referencia a nuestro Fundador, que ahora ser\u00e1 m\u00e1s conocido por el clero universal, es un buen complemento para la celebraci\u00f3n del 175 aniversario de su ordenaci\u00f3n sacerdotal.<\/p>\n<p>El a\u00f1o sacerdotal ha concluido con una celebraci\u00f3n eucar\u00edstica, presidida por el Papa, durante la ma\u00f1ana del 12 de Junio, Fiesta del Sagrado Coraz\u00f3n de Jes\u00fas.<\/p>\n","protected":false},"excerpt":{"rendered":"<p>Cd. Del Vaticano. Unos quince mil sacerdotes de todo el mundo asistieron la noche del 10 de Junio a la Plaza de San Pedro. Esta concentraci\u00f3n sacerdotal ha sido considerada la mayor en la historia de la Iglesia. Respondiendo a la convocatoria del Papa Benedicto XVI, se ha tenido una Vigilia de oraci\u00f3n como parte [&hellip;]<\/p>\n","protected":false},"author":1,"featured_media":0,"comment_status":"closed","ping_status":"closed","sticky":false,"template":"","format":"standard","meta":{"_et_pb_use_builder":"","_et_pb_old_content":"","_et_gb_content_width":"","footnotes":""},"categories":[568,533],"tags":[],"class_list":["post-58214","post","type-post","status-publish","format-standard","hentry","category-fundadores-cmf","category-la-congregacion"],"jetpack_featured_media_url":"","jetpack_sharing_enabled":true,"jetpack_shortlink":"https:\/\/wp.me\/pdaBmi-f8W","jetpack_likes_enabled":true,"_links":{"self":[{"href":"https:\/\/www.claret.org\/es\/wp-json\/wp\/v2\/posts\/58214","targetHints":{"allow":["GET"]}}],"collection":[{"href":"https:\/\/www.claret.org\/es\/wp-json\/wp\/v2\/posts"}],"about":[{"href":"https:\/\/www.claret.org\/es\/wp-json\/wp\/v2\/types\/post"}],"author":[{"embeddable":true,"href":"https:\/\/www.claret.org\/es\/wp-json\/wp\/v2\/users\/1"}],"replies":[{"embeddable":true,"href":"https:\/\/www.claret.org\/es\/wp-json\/wp\/v2\/comments?post=58214"}],"version-history":[{"count":0,"href":"https:\/\/www.claret.org\/es\/wp-json\/wp\/v2\/posts\/58214\/revisions"}],"wp:attachment":[{"href":"https:\/\/www.claret.org\/es\/wp-json\/wp\/v2\/media?parent=58214"}],"wp:term":[{"taxonomy":"category","embeddable":true,"href":"https:\/\/www.claret.org\/es\/wp-json\/wp\/v2\/categories?post=58214"},{"taxonomy":"post_tag","embeddable":true,"href":"https:\/\/www.claret.org\/es\/wp-json\/wp\/v2\/tags?post=58214"}],"curies":[{"name":"wp","href":"https:\/\/api.w.org\/{rel}","templated":true}]}}