{"id":58248,"date":"2010-05-26T15:22:42","date_gmt":"2010-05-26T13:22:42","guid":{"rendered":"https:\/\/www.claret.org\/ha-sido-elegido-el-nuevo-provincial-de-alemania\/"},"modified":"2010-05-26T15:22:42","modified_gmt":"2010-05-26T13:22:42","slug":"ha-sido-elegido-el-nuevo-provincial-de-alemania","status":"publish","type":"post","link":"https:\/\/www.claret.org\/es\/ha-sido-elegido-el-nuevo-provincial-de-alemania\/","title":{"rendered":"Ha sido elegido el nuevo Provincial de Alemania"},"content":{"rendered":"<p><strong>Weissenhorn, Alemania<\/strong>. En la sesi\u00f3n matutina del d\u00eda 26 de Mayo, el Octavo Cap\u00edtulo Provincial de Alemania, ha elegido al P. Stefan Wolf, como el Superior Mayor que guiar\u00e1 esta Provincia claretiana durante los pr\u00f3ximos seis a\u00f1os.<\/p>\n<p>El P. Stefan, de 38 a\u00f1os de edad, naci\u00f3 en Ichenhausen, Bayern, profes\u00f3 en la Congregaci\u00f3n el a\u00f1o de 1995y fue ordenado como Presb\u00edtero en el 2001. Durante el Octavo<\/p>\n<p>Cap\u00edtulo de Alemania, hab\u00eda sido elegido como Moderador, junto con el P. Hugo Beck.<\/p>\n<p>El Cap\u00edtulo de Alemania contin\u00faa su marcha. Despu\u00e9s de la fase de revisi\u00f3n de las \u00abMemorias\u00bb e informes de Gobierno, de Econom\u00eca y de la gesti\u00f3n de la Misi\u00f3n en Sri Lanka, los capitulares han aprobado y agradecido la gesti\u00f3n del equipo que ha terminado sus funciones. Ha habido un especial sentimiento de gratitud hacia el liderazgo desarrollado por el P. Armin Sixt.<\/p>\n<p>El resto del Equipo de Gobierno ser\u00e1 elegido posteriormente.<\/p>\n","protected":false},"excerpt":{"rendered":"<p>Weissenhorn, Alemania. En la sesi\u00f3n matutina del d\u00eda 26 de Mayo, el Octavo Cap\u00edtulo Provincial de Alemania, ha elegido al P. Stefan Wolf, como el Superior Mayor que guiar\u00e1 esta Provincia claretiana durante los pr\u00f3ximos seis a\u00f1os. El P. Stefan, de 38 a\u00f1os de edad, naci\u00f3 en Ichenhausen, Bayern, profes\u00f3 en la Congregaci\u00f3n el a\u00f1o [&hellip;]<\/p>\n","protected":false},"author":1,"featured_media":0,"comment_status":"closed","ping_status":"closed","sticky":false,"template":"","format":"standard","meta":{"_et_pb_use_builder":"","_et_pb_old_content":"","_et_gb_content_width":"","footnotes":""},"categories":[311],"tags":[],"class_list":["post-58248","post","type-post","status-publish","format-standard","hentry","category-deutschland-es"],"jetpack_featured_media_url":"","jetpack_sharing_enabled":true,"jetpack_shortlink":"https:\/\/wp.me\/pdaBmi-f9u","jetpack_likes_enabled":true,"_links":{"self":[{"href":"https:\/\/www.claret.org\/es\/wp-json\/wp\/v2\/posts\/58248","targetHints":{"allow":["GET"]}}],"collection":[{"href":"https:\/\/www.claret.org\/es\/wp-json\/wp\/v2\/posts"}],"about":[{"href":"https:\/\/www.claret.org\/es\/wp-json\/wp\/v2\/types\/post"}],"author":[{"embeddable":true,"href":"https:\/\/www.claret.org\/es\/wp-json\/wp\/v2\/users\/1"}],"replies":[{"embeddable":true,"href":"https:\/\/www.claret.org\/es\/wp-json\/wp\/v2\/comments?post=58248"}],"version-history":[{"count":0,"href":"https:\/\/www.claret.org\/es\/wp-json\/wp\/v2\/posts\/58248\/revisions"}],"wp:attachment":[{"href":"https:\/\/www.claret.org\/es\/wp-json\/wp\/v2\/media?parent=58248"}],"wp:term":[{"taxonomy":"category","embeddable":true,"href":"https:\/\/www.claret.org\/es\/wp-json\/wp\/v2\/categories?post=58248"},{"taxonomy":"post_tag","embeddable":true,"href":"https:\/\/www.claret.org\/es\/wp-json\/wp\/v2\/tags?post=58248"}],"curies":[{"name":"wp","href":"https:\/\/api.w.org\/{rel}","templated":true}]}}