{"id":58281,"date":"2010-05-15T15:46:20","date_gmt":"2010-05-15T13:46:20","guid":{"rendered":"https:\/\/www.claret.org\/concluye-el-encuentro-de-africa\/"},"modified":"2010-05-15T15:46:20","modified_gmt":"2010-05-15T13:46:20","slug":"concluye-el-encuentro-de-africa","status":"publish","type":"post","link":"https:\/\/www.claret.org\/es\/concluye-el-encuentro-de-africa\/","title":{"rendered":"Concluye el Encuentro de \u00c1frica"},"content":{"rendered":"<p><strong>Lagos, NIgeria<\/strong>. La recta final del encuentro de ACLA se ha centrado en los temas del apostolado y de la econom\u00eda, animados respectivamente por los Prefectos Generales.<\/p>\n<p>El P. Agust\u00edn Monroy comenz\u00f3 su exposici\u00f3n en lunes 10 invitando a reconocer el trabajo hist\u00f3rico de los claretianos en este continente, para pasar a las indicaciones del Proyecto Misionero para \u00c1frica realizado en 1998 y renovado en 2005 y 2008. Completa esto con algunas indicaciones del S\u00ednodo de los Obispos y del XXIV Capitulo General. Siguiendo el Plan de Acci\u00f3n del Gobierno General ayuda al grupo a<\/p>\n<p>reflexionar y dialogar sobre la necesidad de elaborar un Proyecto Misionero en cada Organismo teniendo en cuenta las prioridades indicadas en los n\u00fameros 57-61 de la Declaraci\u00f3n Capitular: la misi\u00f3n desde el amor, la centralidad de la Palabra de Dios, la reevangelizaci\u00f3n de los j\u00f3venes y la pastoral vocacional, la creatividad y cualificaci\u00f3n de la misi\u00f3n. Los di\u00e1logos posteriores se centran en la pastoral b\u00edblica y en el trabajo de JPIC como una aportaci\u00f3n especifica de los claretianos a la Iglesia de \u00c1frica.<\/p>\n<p>El trabajo sobre la Procura de Misiones sirve de enlace para pasar al trabajo que anima el P. Domingo Grillia y que se desarrolla a lo largo del d\u00eda 11, haciendo una exposici\u00f3n del capitulo IV del Directorio e insistiendo en los criterios de nuestro funcionamiento econ\u00f3mico.<\/p>\n<p>Subraya el sentido de la pobreza como expresi\u00f3n de nuestra fraternidad, basada en la austeridad de vida, el trabajo y la comuni\u00f3n de bienes. Esto es lo que posibilidad la autofinanciaci\u00f3n de los Organismos y que es un objetivo urgente \u00c1frica. Tras hacer una clara presentaci\u00f3n del funcionamiento econ\u00f3mico del Gobierno General, as\u00ed como del origen de sus ingresos, insiste en la necesidad de un buen funcionamiento econ\u00f3mico desde la claridad y la infamaci\u00f3n.<\/p>\n<p>El trabajo de los grupos se centra en los instrumentos que favorecen el buen funcionamiento econ\u00f3mico en los Organismos, as\u00ed como en aquellos comportamientos que lo impiden. Se dan sugerencias para el futuro.<\/p>\n<p>El P. Grillia anim\u00f3 al cumplimiento de las normas congregacionales, as\u00ed como a la urgencia de realizar planes de autofinanciaci\u00f3n para no depender de otros. El P. General reconoce que se ha avanzado en este tema en \u00c1frica aunque hay que seguir dando pasos con la implicaci\u00f3n de los Superiores Mayores que han de afrontar las irregularidades que puedan surgir.<\/p>\n<p>El mi\u00e9rcoles 12 fue el \u00faltimo d\u00eda del encuentro de ACLA. Se centra en informar de los pasos que se est\u00e1n dando para la puesta en marcha del Instituto para la Vida Consagrada en \u00c1frica (TICLA) que tendr\u00e1 su sede en Nigeria y que ser\u00e1 un buen servicio de la Congregaci\u00f3n a la vida consagrada.<\/p>\n<p>La evaluaci\u00f3n realizada y las intervenciones finales de los participantes dan muestra del alto grado de satisfacci\u00f3n por el encuentro vivido, por la animaci\u00f3n efectiva del Gobierno General, la buena preparaci\u00f3n por parte de la Delegaci\u00f3n de Nigeria, por el buen ambiente fraterno y por las conclusiones sacadas. Estas se encuentran recogidas en el mensaje del encuentro para todos los misioneros claretianos de \u00c1frica.<\/p>\n<p>El d\u00eda finaliza con la celebraci\u00f3n de la Eucarist\u00eda con los Seglares Claretianos que es presidida por el P. General y con una sincera acci\u00f3n de gracias a Dios por este encuentro misionero de \u00c1frica.<\/p>\n","protected":false},"excerpt":{"rendered":"<p>Lagos, NIgeria. La recta final del encuentro de ACLA se ha centrado en los temas del apostolado y de la econom\u00eda, animados respectivamente por los Prefectos Generales. El P. Agust\u00edn Monroy comenz\u00f3 su exposici\u00f3n en lunes 10 invitando a reconocer el trabajo hist\u00f3rico de los claretianos en este continente, para pasar a las indicaciones del [&hellip;]<\/p>\n","protected":false},"author":1,"featured_media":0,"comment_status":"closed","ping_status":"closed","sticky":false,"template":"","format":"standard","meta":{"_et_pb_use_builder":"","_et_pb_old_content":"","_et_gb_content_width":"","footnotes":""},"categories":[409,261,448],"tags":[],"class_list":["post-58281","post","type-post","status-publish","format-standard","hentry","category-apostolado","category-jpic-es","category-procura-mision"],"jetpack_featured_media_url":"","jetpack_sharing_enabled":true,"jetpack_shortlink":"https:\/\/wp.me\/pdaBmi-fa1","jetpack_likes_enabled":true,"_links":{"self":[{"href":"https:\/\/www.claret.org\/es\/wp-json\/wp\/v2\/posts\/58281","targetHints":{"allow":["GET"]}}],"collection":[{"href":"https:\/\/www.claret.org\/es\/wp-json\/wp\/v2\/posts"}],"about":[{"href":"https:\/\/www.claret.org\/es\/wp-json\/wp\/v2\/types\/post"}],"author":[{"embeddable":true,"href":"https:\/\/www.claret.org\/es\/wp-json\/wp\/v2\/users\/1"}],"replies":[{"embeddable":true,"href":"https:\/\/www.claret.org\/es\/wp-json\/wp\/v2\/comments?post=58281"}],"version-history":[{"count":0,"href":"https:\/\/www.claret.org\/es\/wp-json\/wp\/v2\/posts\/58281\/revisions"}],"wp:attachment":[{"href":"https:\/\/www.claret.org\/es\/wp-json\/wp\/v2\/media?parent=58281"}],"wp:term":[{"taxonomy":"category","embeddable":true,"href":"https:\/\/www.claret.org\/es\/wp-json\/wp\/v2\/categories?post=58281"},{"taxonomy":"post_tag","embeddable":true,"href":"https:\/\/www.claret.org\/es\/wp-json\/wp\/v2\/tags?post=58281"}],"curies":[{"name":"wp","href":"https:\/\/api.w.org\/{rel}","templated":true}]}}