{"id":58339,"date":"2010-04-25T09:21:50","date_gmt":"2010-04-25T07:21:50","guid":{"rendered":"https:\/\/www.claret.org\/informacion-sobre-el-p-armin-sixt\/"},"modified":"2010-04-25T09:21:50","modified_gmt":"2010-04-25T07:21:50","slug":"informacion-sobre-el-p-armin-sixt","status":"publish","type":"post","link":"https:\/\/www.claret.org\/es\/informacion-sobre-el-p-armin-sixt\/","title":{"rendered":"Informaci\u00f3n sobre el P. Arm\u00edn Sixt"},"content":{"rendered":"<p><strong>Sri Lanka<\/strong>. Trasmitimos las \u00faltimas noticias, recibidas del P. James Patteril, sobre la condici\u00f3n del P. Provincial de Alemania.<\/p>\n<p>Los PP. James (Ec\u00f3nomo de Alemania) y Rohan (Superior de la Misi\u00f3n de Sri Lanka), han hablado con los m\u00e9dicos. Estaba previsto otra tomograf\u00eda computerizada para hoy. Con esta ocasi\u00f3n, quer\u00edan<\/p>\n<p>quitarle las m\u00e1quinas al P. Armin. Pero no ha sido posible.<\/p>\n<p>De momento no existe peligro de muerte, pero los pulmones est\u00e1n afectados gravemente porque se han hallado en ellos restos de comida. Parece que el P. Armin comi\u00f3 algo previo el accidente y esto ha dificultado someterle a los ex\u00e1menes. Adem\u00e1s los m\u00e9dicos han admitido que se podr\u00eda a\u00f1adir una fiebre o bien una embolia pulmonar.<\/p>\n<p>El cerebro ha sido da\u00f1ado m\u00e1s gravemente de lo que se pensaba al principio. Seg\u00fan los conocimientos actuales, el Padre podr\u00e1 seguir con vida pero, de acuerdo a los especialistas, quedar\u00eda impedido.<\/p>\n<p>Es una noticia triste que ensombrece un d\u00eda de fiesta para la comunidad de Sri Lanka, ya que hoy ser\u00e1 ordenado Presb\u00edtero el di\u00e1cono Ronald.<\/p>\n","protected":false},"excerpt":{"rendered":"<p>Sri Lanka. Trasmitimos las \u00faltimas noticias, recibidas del P. James Patteril, sobre la condici\u00f3n del P. Provincial de Alemania. Los PP. James (Ec\u00f3nomo de Alemania) y Rohan (Superior de la Misi\u00f3n de Sri Lanka), han hablado con los m\u00e9dicos. Estaba previsto otra tomograf\u00eda computerizada para hoy. Con esta ocasi\u00f3n, quer\u00edan quitarle las m\u00e1quinas al P. [&hellip;]<\/p>\n","protected":false},"author":1,"featured_media":0,"comment_status":"closed","ping_status":"closed","sticky":false,"template":"","format":"standard","meta":{"_et_pb_use_builder":"","_et_pb_old_content":"","_et_gb_content_width":"","footnotes":""},"categories":[431],"tags":[],"class_list":["post-58339","post","type-post","status-publish","format-standard","hentry","category-pastoral-de-la-salud"],"jetpack_featured_media_url":"","jetpack_sharing_enabled":true,"jetpack_shortlink":"https:\/\/wp.me\/pdaBmi-faX","jetpack_likes_enabled":true,"_links":{"self":[{"href":"https:\/\/www.claret.org\/es\/wp-json\/wp\/v2\/posts\/58339","targetHints":{"allow":["GET"]}}],"collection":[{"href":"https:\/\/www.claret.org\/es\/wp-json\/wp\/v2\/posts"}],"about":[{"href":"https:\/\/www.claret.org\/es\/wp-json\/wp\/v2\/types\/post"}],"author":[{"embeddable":true,"href":"https:\/\/www.claret.org\/es\/wp-json\/wp\/v2\/users\/1"}],"replies":[{"embeddable":true,"href":"https:\/\/www.claret.org\/es\/wp-json\/wp\/v2\/comments?post=58339"}],"version-history":[{"count":0,"href":"https:\/\/www.claret.org\/es\/wp-json\/wp\/v2\/posts\/58339\/revisions"}],"wp:attachment":[{"href":"https:\/\/www.claret.org\/es\/wp-json\/wp\/v2\/media?parent=58339"}],"wp:term":[{"taxonomy":"category","embeddable":true,"href":"https:\/\/www.claret.org\/es\/wp-json\/wp\/v2\/categories?post=58339"},{"taxonomy":"post_tag","embeddable":true,"href":"https:\/\/www.claret.org\/es\/wp-json\/wp\/v2\/tags?post=58339"}],"curies":[{"name":"wp","href":"https:\/\/api.w.org\/{rel}","templated":true}]}}