{"id":58359,"date":"2010-04-21T09:49:25","date_gmt":"2010-04-21T07:49:25","guid":{"rendered":"https:\/\/www.claret.org\/situacion-del-p-armin-sixt-cmf\/"},"modified":"2010-04-21T09:49:25","modified_gmt":"2010-04-21T07:49:25","slug":"situacion-del-p-armin-sixt-cmf","status":"publish","type":"post","link":"https:\/\/www.claret.org\/es\/situacion-del-p-armin-sixt-cmf\/","title":{"rendered":"Situaci\u00f3n del P. Armin Sixt, cmf."},"content":{"rendered":"<p><strong>Sri Lanka<\/strong>. El P. Armin Sixt, Provincial de Alemania, quien sufriera un accidente en la carretera de Colombo a Jafna, el pasado d\u00eda 19, fue trasladado inmediatamente al Hospital General de Colombo. All\u00ed ha sido intervenido quir\u00fargicamente.<\/p>\n<p>Desde entonces est\u00e1 inconsciente y con respiraci\u00f3n asistida. Sus condiciones f\u00edsicas (tensi\u00f3n, ritmo card\u00edaco, etc.), son normales. En la operaci\u00f3n, los m\u00e9dicos han buscado eliminar algunos co\u00e1gulos en la cabeza y ahora estar\u00e1 en observaci\u00f3n durante 48 horas. A\u00fan se desconocen los da\u00f1os que pudieron haberse causado en el cerebro.<\/p>\n<p>El P. Rohan Dominic, superior de la Delegaci\u00f3n, ha estado atento a procurar la atenci\u00f3n necesaria. El P. James Patteril, ec\u00f3nomo provincial de Alemania, quien estaba de vacaciones en India, se ha trasladado inmediatamente al Hospital, para dar seguimiento al caso. Los otros heridos en el mismo accidente, PP. Anselmus, M.K.S. Montfort y Milfer, han sido dados de alta.<\/p>\n","protected":false},"excerpt":{"rendered":"<p>Sri Lanka. El P. Armin Sixt, Provincial de Alemania, quien sufriera un accidente en la carretera de Colombo a Jafna, el pasado d\u00eda 19, fue trasladado inmediatamente al Hospital General de Colombo. All\u00ed ha sido intervenido quir\u00fargicamente. Desde entonces est\u00e1 inconsciente y con respiraci\u00f3n asistida. Sus condiciones f\u00edsicas (tensi\u00f3n, ritmo card\u00edaco, etc.), son normales. En [&hellip;]<\/p>\n","protected":false},"author":1,"featured_media":0,"comment_status":"closed","ping_status":"closed","sticky":false,"template":"","format":"standard","meta":{"_et_pb_use_builder":"","_et_pb_old_content":"","_et_gb_content_width":"","footnotes":""},"categories":[528,431],"tags":[],"class_list":["post-58359","post","type-post","status-publish","format-standard","hentry","category-familia-claretiana","category-pastoral-de-la-salud"],"jetpack_featured_media_url":"","jetpack_sharing_enabled":true,"jetpack_shortlink":"https:\/\/wp.me\/pdaBmi-fbh","jetpack_likes_enabled":true,"_links":{"self":[{"href":"https:\/\/www.claret.org\/es\/wp-json\/wp\/v2\/posts\/58359","targetHints":{"allow":["GET"]}}],"collection":[{"href":"https:\/\/www.claret.org\/es\/wp-json\/wp\/v2\/posts"}],"about":[{"href":"https:\/\/www.claret.org\/es\/wp-json\/wp\/v2\/types\/post"}],"author":[{"embeddable":true,"href":"https:\/\/www.claret.org\/es\/wp-json\/wp\/v2\/users\/1"}],"replies":[{"embeddable":true,"href":"https:\/\/www.claret.org\/es\/wp-json\/wp\/v2\/comments?post=58359"}],"version-history":[{"count":0,"href":"https:\/\/www.claret.org\/es\/wp-json\/wp\/v2\/posts\/58359\/revisions"}],"wp:attachment":[{"href":"https:\/\/www.claret.org\/es\/wp-json\/wp\/v2\/media?parent=58359"}],"wp:term":[{"taxonomy":"category","embeddable":true,"href":"https:\/\/www.claret.org\/es\/wp-json\/wp\/v2\/categories?post=58359"},{"taxonomy":"post_tag","embeddable":true,"href":"https:\/\/www.claret.org\/es\/wp-json\/wp\/v2\/tags?post=58359"}],"curies":[{"name":"wp","href":"https:\/\/api.w.org\/{rel}","templated":true}]}}