{"id":58450,"date":"2010-03-11T15:46:03","date_gmt":"2010-03-11T14:46:03","guid":{"rendered":"https:\/\/www.claret.org\/siervo-de-dios-p-jose-maria-ruiz-cano\/"},"modified":"2010-03-11T15:46:03","modified_gmt":"2010-03-11T14:46:03","slug":"siervo-de-dios-p-jose-maria-ruiz-cano","status":"publish","type":"post","link":"https:\/\/www.claret.org\/es\/siervo-de-dios-p-jose-maria-ruiz-cano\/","title":{"rendered":"Siervo de Dios P. Jos\u00e9 Mar\u00eda Ruiz Cano"},"content":{"rendered":"<p><strong>Espa\u00f1a<\/strong>. El 4 de marzo de 2010, al atardecer del d\u00eda, los Claretianos de la Provincia B\u00e9tica pudieron ver cumplida la ilusi\u00f3n de dar acogida en la Parroquia de San Antonio M\u00aa Claret de Sevilla a los restos del m\u00e1rtir P. Jos\u00e9 M\u00aa Ruiz Cano, inmolado en Sig\u00fcenza (Guadalajara) el d\u00eda 27 de julio de 1936. La ciencia del eminente forense Dr. Luis Frontela Carreras, Catedr\u00e1tico de Medicina Legal y Director del Instituto de Medicina Legal y Ciencias Legales de Sevilla, y el cari\u00f1o puesto en su trabajo hizo posible la no f\u00e1cil identificaci\u00f3n de dichos restos.<\/p>\n<p>Ante la presencia de un nutrido grupo de claretianos reunidos en el sal\u00f3n parroquial, el Dr Frontela hizo entrega, bajo juramento, de la caja que conten\u00eda los restos mortales del Siervo de Dios a la Comisi\u00f3n nombrada al efecto por el se\u00f1or Arzobispo de Sevilla, presidida por el Ilmo. Sr. D. Teodoro Le\u00f3n Mu\u00f1oz, Delegado Episcopal de las Causas de los Santos, y acompa\u00f1ado por Ilmo. Sr. D. \u00c1ngel Antonio Fa\u00edlde Rodr\u00edguez, Promotor de Justicia, y el P. Rafael Mart\u00ednez Rodr\u00edguez, cmf, en calidad de Notario-Actuario.<\/p>\n<p>De entre los claretianos presentes, es obligado hacer menci\u00f3n de los PP. Federico Guti\u00e9rrez y Julio Izquierdo, que formaban parte del grupo de postulantes que con el P. Ruiz salieron de Sig\u00fcenza hacia el vecino pueblo de Guijosa en donde compartieron con su Padre Prefecto los dif\u00edciles y emotivos momentos previos al sacrificio final. Tambi\u00e9n se hallaban presentes en el acto los PP. Vicente Pecharrom\u00e1n, Postulador General; Eleuterio L\u00f3pez, Vicepostulador; Manuel Carrasco, encargado por el P. Provincial para las gestiones que hubo que realizar en Sig\u00fcenza; Jos\u00e9 M\u00e1rquez, P\u00e1rroco; Agust\u00edn Bernal, director del Colegio y el Hno Salvador Segura Santana.<\/p>\n<p>Examinados los restos, y atendiendo a lo prescrito por la Congregaci\u00f3n de las Causas de los Santos, de entregar a la Di\u00f3cesis de Sig\u00fcenza una reliquia insigne, el Delegado episcopal extrajo una costilla, que entreg\u00f3 al Postulador juntamente con un estuche conteniendo distintos huesos pertenecientes al Siervo de Dios, con el fin de que, en su d\u00eda, puedan obtenerse posibles reliquias. Cerrada la caja y lacradas las cintas que la envolv\u00edan, fue trasladada hasta el templo, al lugar del crucero, en el lado izquierdo, en donde se halla el nicho preparado para acoger los venerados restos. Mientras de los labios de los presentes sal\u00eda el reconocimiento al Se\u00f1or, Buen Pastor que socorre a los que en \u00e9l conf\u00edan, fue colocada una l\u00e1pida de m\u00e1rmol blanco que ocultaba la caja, pero que en su discreto modo de hablar proclamaba mediante una sencilla inscripci\u00f3n que en aquel lugar esperan la resurrecci\u00f3n los restos del \u201cP. JOS\u00c9 M\u00aa RUIZ CANO, CMF, Jerez de los Caballeros 3-9-1906 Sig\u00fcenza 27-7-1936 \u201d.<\/p>\n<p>Que la memoria de la heroico ejemplo del P. Jos\u00e9 M\u00aa Ruiz, nos estimule a ser, en el hoy de la Iglesia, sal de la tierra y luz del mundo.<\/p>\n","protected":false},"excerpt":{"rendered":"<p>Espa\u00f1a. El 4 de marzo de 2010, al atardecer del d\u00eda, los Claretianos de la Provincia B\u00e9tica pudieron ver cumplida la ilusi\u00f3n de dar acogida en la Parroquia de San Antonio M\u00aa Claret de Sevilla a los restos del m\u00e1rtir P. Jos\u00e9 M\u00aa Ruiz Cano, inmolado en Sig\u00fcenza (Guadalajara) el d\u00eda 27 de julio de [&hellip;]<\/p>\n","protected":false},"author":1,"featured_media":0,"comment_status":"closed","ping_status":"closed","sticky":false,"template":"","format":"standard","meta":{"_et_pb_use_builder":"","_et_pb_old_content":"","_et_gb_content_width":"","footnotes":""},"categories":[320,480],"tags":[],"class_list":["post-58450","post","type-post","status-publish","format-standard","hentry","category-betica-es","category-siervos-de-dios"],"jetpack_featured_media_url":"","jetpack_sharing_enabled":true,"jetpack_shortlink":"https:\/\/wp.me\/pdaBmi-fcK","jetpack_likes_enabled":true,"_links":{"self":[{"href":"https:\/\/www.claret.org\/es\/wp-json\/wp\/v2\/posts\/58450","targetHints":{"allow":["GET"]}}],"collection":[{"href":"https:\/\/www.claret.org\/es\/wp-json\/wp\/v2\/posts"}],"about":[{"href":"https:\/\/www.claret.org\/es\/wp-json\/wp\/v2\/types\/post"}],"author":[{"embeddable":true,"href":"https:\/\/www.claret.org\/es\/wp-json\/wp\/v2\/users\/1"}],"replies":[{"embeddable":true,"href":"https:\/\/www.claret.org\/es\/wp-json\/wp\/v2\/comments?post=58450"}],"version-history":[{"count":0,"href":"https:\/\/www.claret.org\/es\/wp-json\/wp\/v2\/posts\/58450\/revisions"}],"wp:attachment":[{"href":"https:\/\/www.claret.org\/es\/wp-json\/wp\/v2\/media?parent=58450"}],"wp:term":[{"taxonomy":"category","embeddable":true,"href":"https:\/\/www.claret.org\/es\/wp-json\/wp\/v2\/categories?post=58450"},{"taxonomy":"post_tag","embeddable":true,"href":"https:\/\/www.claret.org\/es\/wp-json\/wp\/v2\/tags?post=58450"}],"curies":[{"name":"wp","href":"https:\/\/api.w.org\/{rel}","templated":true}]}}