{"id":58519,"date":"2010-02-18T17:17:44","date_gmt":"2010-02-18T16:17:44","guid":{"rendered":"https:\/\/www.claret.org\/asamblea-de-los-claretianos-de-francia\/"},"modified":"2010-02-18T17:17:44","modified_gmt":"2010-02-18T16:17:44","slug":"asamblea-de-los-claretianos-de-francia","status":"publish","type":"post","link":"https:\/\/www.claret.org\/es\/asamblea-de-los-claretianos-de-francia\/","title":{"rendered":"Asamblea de los claretianos de Francia"},"content":{"rendered":"<p><strong>Francia<\/strong>. Los Misioneros Hijos del Inmaculado Coraz\u00f3n de Mar\u00eda, Misioneros Claretianos, nos hemos reunido en Toulouse, para celebrar la Asamblea ordinaria de la Delegaci\u00f3n de Francia. Presidide el P. Gonzalo Fern\u00e1ndez, Consultor General y Prefecto General de espiritualidad.<br \/>\nA las 14,30 h. del d\u00eda 15 de febrero se inici\u00f3 el trabajo. El P.<\/p>\n<p>Gildard Valencia, Superior Delegado de Francia, dirigi\u00f3 un saludo de bienvenida al P. Gonzalo y a todos los participantes. Luego se procedi\u00f3 a la elecci\u00f3n del moderador, P. Eugenio Gnansounou, y del secretario, el P. Pierre Zanga y ayudado del P. Raimundo Adormeo. Posteriormente el P. Gonzalo present\u00f3 a los asistentes su primera impresi\u00f3n despu\u00e9s de haber visitado todas las comunidades y de hablado con todos.<\/p>\n<p>En sus palabras, el P. Gonzalo destac\u00f3 que la Delegaci\u00f3n claretiana de Francia tiene 17 miembros que representan a 9 nacionalidades. Esta diversidad puede ser una bomba de efecto retardado o una verdadero \u00abpar\u00e1bola de comuni\u00f3n\u00bb. Depende de c\u00f3mo los hermanos acojan esta realidad y c\u00f3mo se preparen para vivirla. La Delegaci\u00f3n es un grupo de ancianos y j\u00f3venes. El reto ser\u00e1 conciliar la preocupaci\u00f3n real debido a la paternidad tard\u00eda y a las expectativas razonables de los j\u00f3venes que aceptan vivir esta \u00e9poca de paz que comparten. Hoy expresar nuestra identidad claretiana no es una amenaza a la Iglesia particular. Al contrario, es nuestra manera carism\u00e1tica de contribuir a la construcci\u00f3n de la Iglesia de Francia.<\/p>\n<p>La mezcla cultural e intergeneracional actuales de la delegaci\u00f3n ser\u00e1 una gracia bajo tres condiciones: encontrarse y vivir en di\u00e1logo mutuo de lo que somos; poner el acento en lo que nos une, el ser claretiano que hemos profesado, seguir la pastoral de la Iglesia de Francia. Para lograr esto se necesita: a reavivar en nosotros el fuego del amor divino, comunicar el fuego a otros y transmitir el fuego a las nuevas generaciones.<\/p>\n<p>Tras la intervenci\u00f3n del delegado del Superior General, el P. Gildard Valencia, Superior Delegado, present\u00f3 el informe de la actividad del Consejo de la delegaci\u00f3n durante el trienio 2007-2010. Tras una pausa, hemos escuchado a los informes de los PP. Percival Redo\u00f1a y Benito Cayuela, prefecto apostolado y de formaci\u00f3n, respectivamente. Finalmente, el P. Jacques Sastre, ec\u00f3nomo de la Delegaci\u00f3n ha presentado la situaci\u00f3n econ\u00f3mica y de la procura de misiones.<\/p>\n<p>Despu\u00e9s de los diversos informes se han formado dos grupos para trabajar en el taller en torno a dos cuestiones:<br \/>\n1) &#8211; Despu\u00e9s de los diversos informes, \u00bfqu\u00e9 aspectos se puede mejorar?<br \/>\n2) &#8211; \u00bfCu\u00e1les son los puntos positivos de estos informes?<\/p>\n<p>A las 18,45 h. hemos celebrado la Eucarist\u00eda, presidida por el P. Gonzalo y preparada por la comunidad de Perpi\u00f1\u00e1n.<\/p>\n","protected":false},"excerpt":{"rendered":"<p>Francia. Los Misioneros Hijos del Inmaculado Coraz\u00f3n de Mar\u00eda, Misioneros Claretianos, nos hemos reunido en Toulouse, para celebrar la Asamblea ordinaria de la Delegaci\u00f3n de Francia. Presidide el P. Gonzalo Fern\u00e1ndez, Consultor General y Prefecto General de espiritualidad. A las 14,30 h. del d\u00eda 15 de febrero se inici\u00f3 el trabajo. El P. Gildard Valencia, [&hellip;]<\/p>\n","protected":false},"author":1,"featured_media":0,"comment_status":"closed","ping_status":"closed","sticky":false,"template":"","format":"standard","meta":{"_et_pb_use_builder":"","_et_pb_old_content":"","_et_gb_content_width":"","footnotes":""},"categories":[341],"tags":[],"class_list":["post-58519","post","type-post","status-publish","format-standard","hentry","category-santiago-es"],"jetpack_featured_media_url":"","jetpack_sharing_enabled":true,"jetpack_shortlink":"https:\/\/wp.me\/pdaBmi-fdR","jetpack_likes_enabled":true,"_links":{"self":[{"href":"https:\/\/www.claret.org\/es\/wp-json\/wp\/v2\/posts\/58519","targetHints":{"allow":["GET"]}}],"collection":[{"href":"https:\/\/www.claret.org\/es\/wp-json\/wp\/v2\/posts"}],"about":[{"href":"https:\/\/www.claret.org\/es\/wp-json\/wp\/v2\/types\/post"}],"author":[{"embeddable":true,"href":"https:\/\/www.claret.org\/es\/wp-json\/wp\/v2\/users\/1"}],"replies":[{"embeddable":true,"href":"https:\/\/www.claret.org\/es\/wp-json\/wp\/v2\/comments?post=58519"}],"version-history":[{"count":0,"href":"https:\/\/www.claret.org\/es\/wp-json\/wp\/v2\/posts\/58519\/revisions"}],"wp:attachment":[{"href":"https:\/\/www.claret.org\/es\/wp-json\/wp\/v2\/media?parent=58519"}],"wp:term":[{"taxonomy":"category","embeddable":true,"href":"https:\/\/www.claret.org\/es\/wp-json\/wp\/v2\/categories?post=58519"},{"taxonomy":"post_tag","embeddable":true,"href":"https:\/\/www.claret.org\/es\/wp-json\/wp\/v2\/tags?post=58519"}],"curies":[{"name":"wp","href":"https:\/\/api.w.org\/{rel}","templated":true}]}}