{"id":58556,"date":"2010-02-11T18:12:30","date_gmt":"2010-02-11T17:12:30","guid":{"rendered":"https:\/\/www.claret.org\/capitulo-de-mexico-en-marcha-dia-de-revisiones\/"},"modified":"2010-02-11T18:12:30","modified_gmt":"2010-02-11T17:12:30","slug":"capitulo-de-mexico-en-marcha-dia-de-revisiones","status":"publish","type":"post","link":"https:\/\/www.claret.org\/es\/capitulo-de-mexico-en-marcha-dia-de-revisiones\/","title":{"rendered":"Cap\u00edtulo de M\u00e9xico en marcha. D\u00eda de revisiones"},"content":{"rendered":"<p><strong>M\u00e9xico<\/strong>. Es un verdadero acierto que este y los restantes d\u00edas capitulares empiecen con el encuentro personal con el Dios vivo que viene a inundarnos con su luz, su amor, cari\u00f1o, su estima y su poder para transformar en profundidad nuestras personas para convertirlas<\/p>\n<p>en Evangelio vivo y nos capacite para proclamarlo a los dem\u00e1s.<\/p>\n<p>El d\u00eda se nos fue en revisar en cinco grupos las memorias de gobierno y econom\u00eda. La cosa estuvo pesada y entre aprobaciones, inconformidades, interrogantes, dudas, aclaraciones y sugerencias al gobierno provincial se nos fue el d\u00eda.<\/p>\n<p>Se nota que todo lo anterior se hace ahora al gobierno provincial con mayor madurez y serenidad que en otros cap\u00edtulos.<\/p>\n<p>Los medios t\u00e9cnicos para presentar este trabajo fueron en frase ya famosa del nunca bien ponderado Humberto Saavedra: \u201cpuras fallas\u201d.<\/p>\n","protected":false},"excerpt":{"rendered":"<p>M\u00e9xico. Es un verdadero acierto que este y los restantes d\u00edas capitulares empiecen con el encuentro personal con el Dios vivo que viene a inundarnos con su luz, su amor, cari\u00f1o, su estima y su poder para transformar en profundidad nuestras personas para convertirlas en Evangelio vivo y nos capacite para proclamarlo a los dem\u00e1s. [&hellip;]<\/p>\n","protected":false},"author":1,"featured_media":0,"comment_status":"closed","ping_status":"closed","sticky":false,"template":"","format":"standard","meta":{"_et_pb_use_builder":"","_et_pb_old_content":"","_et_gb_content_width":"","footnotes":""},"categories":[386],"tags":[],"class_list":["post-58556","post","type-post","status-publish","format-standard","hentry","category-mexico-es"],"jetpack_featured_media_url":"","jetpack_sharing_enabled":true,"jetpack_shortlink":"https:\/\/wp.me\/pdaBmi-fes","jetpack_likes_enabled":true,"_links":{"self":[{"href":"https:\/\/www.claret.org\/es\/wp-json\/wp\/v2\/posts\/58556","targetHints":{"allow":["GET"]}}],"collection":[{"href":"https:\/\/www.claret.org\/es\/wp-json\/wp\/v2\/posts"}],"about":[{"href":"https:\/\/www.claret.org\/es\/wp-json\/wp\/v2\/types\/post"}],"author":[{"embeddable":true,"href":"https:\/\/www.claret.org\/es\/wp-json\/wp\/v2\/users\/1"}],"replies":[{"embeddable":true,"href":"https:\/\/www.claret.org\/es\/wp-json\/wp\/v2\/comments?post=58556"}],"version-history":[{"count":0,"href":"https:\/\/www.claret.org\/es\/wp-json\/wp\/v2\/posts\/58556\/revisions"}],"wp:attachment":[{"href":"https:\/\/www.claret.org\/es\/wp-json\/wp\/v2\/media?parent=58556"}],"wp:term":[{"taxonomy":"category","embeddable":true,"href":"https:\/\/www.claret.org\/es\/wp-json\/wp\/v2\/categories?post=58556"},{"taxonomy":"post_tag","embeddable":true,"href":"https:\/\/www.claret.org\/es\/wp-json\/wp\/v2\/tags?post=58556"}],"curies":[{"name":"wp","href":"https:\/\/api.w.org\/{rel}","templated":true}]}}