{"id":58564,"date":"2010-02-11T18:16:08","date_gmt":"2010-02-11T17:16:08","guid":{"rendered":"https:\/\/www.claret.org\/ha-concluido-el-capitulo-provincial-de-cataluna\/"},"modified":"2010-02-11T18:16:08","modified_gmt":"2010-02-11T17:16:08","slug":"ha-concluido-el-capitulo-provincial-de-cataluna","status":"publish","type":"post","link":"https:\/\/www.claret.org\/es\/ha-concluido-el-capitulo-provincial-de-cataluna\/","title":{"rendered":"Ha concluido el Cap\u00edtulo Provincial de Catalu\u00f1a"},"content":{"rendered":"<p><strong>Espa\u00f1a<\/strong>. El d\u00eda 6 de febrero se ha tenido la sesi\u00f3n de clausura del Cap\u00edtulo. El P. Presidente, P. Gonzalo Fern\u00e1ndez, nos convoca a la \u201cOraci\u00f3n filial y apost\u00f3lica al Coraz\u00f3n de Mar\u00eda\u201d. Los PP. Sidera y Marimon han revisado y dado el visto bueno a las Actas del Cap\u00edtulo y afirman que las aprueban con la m\u00e1xima nota.<\/p>\n<p>Acabamos de revisar la tercera parte del Documento capitular y la Conclusi\u00f3n. Hechas las debidas precisiones, se aprueba y se deja al Gobierno Provincial la revisi\u00f3n final de estilo. Se recogen sugerencias para darlo a conocer a la Provincia.<\/p>\n<p>Hacemos una pausa para ir a hacer la foto de los Capitulares, que nos hace el P. Josep Vilarrubias.<\/p>\n<p>Cuando volvemos, el P. Provincial expresa su satisfacci\u00f3n y agradecimiento por c\u00f3mo ha ido el Cap\u00edtulo. Guiados por el Esp\u00edritu hemos encontrado consensos y l\u00edneas de futuro. Cabe destacar el Mensaje final del P. Presidente, le\u00eddo en catal\u00e1n. Se ha hecho cercano y ha sabido desatacar el di\u00e1logo sobre el documento cuando nos qued\u00e1bamos encallados. Ha sido un gran hermano que nos ha hecho sentir el calor de toda la Congregaci\u00f3n. Nos invita a vivir ahora el <em>Cap\u00edtulo de la acci\u00f3n<\/em>.<\/p>\n<p>El P. A. Gomis nos da el resultado de la encuesta de evaluaci\u00f3n del Cap\u00edtulo: saca un notable alto. Un sobresaliente alto para el P. Josep Roca, el eficiente secretario, y las Misioneras de la Instituci\u00f3n Claretiana. No hace falta decir que la asamblea de capitulares lo rubrica con un gran aplauso. Al finalizar, los capitulares firman las Actas del Cap\u00edtulo y el P. Presidente cierra el Cap\u00edtulo.<\/p>\n<p>El Documento Capitular ser\u00e1 de gran ayuda para los hermanos de Provincia de cara a enfocar el nuevo sexenio, poni\u00e9ndonos al servicio del Evangelio. Es una gracia de Dios poder contar con la presencia de claretianos j\u00f3venes de aqu\u00ed y de Colmenar Viejo. Shinto Thomas ha sido miembro muy activo del Cap\u00edtulo Helin John, ha hecho de \u201cpiedra angular!\u201d en la comunidad de Valls, ya que cuatro miembros de esa comunidad han participado en el Cap\u00edtulo.<\/p>\n<p>A las 12 h, en la Cripta del Templo, junto al Sepulcro del P. Fundador, con los hermanos de la Provincia y miembros de la Familia Claretiana que han venido, hemos celebrado la eucarist\u00eda de clausura del Cap\u00edtulo. La preside el P. M\u00e1xim Mu\u00f1oz, como Superior Provinicial, acompa\u00f1ado en el altar por el P. Gonzalo Fern\u00e1ndez, y el nuevo Gobierno Provincial de los Claretianos de de la Provincia de Catalu\u00f1a y el di\u00e1cono Shinto. Acabamos compartiendo todos juntos la comida festiva.<\/p>\n","protected":false},"excerpt":{"rendered":"<p>Espa\u00f1a. El d\u00eda 6 de febrero se ha tenido la sesi\u00f3n de clausura del Cap\u00edtulo. El P. Presidente, P. Gonzalo Fern\u00e1ndez, nos convoca a la \u201cOraci\u00f3n filial y apost\u00f3lica al Coraz\u00f3n de Mar\u00eda\u201d. Los PP. Sidera y Marimon han revisado y dado el visto bueno a las Actas del Cap\u00edtulo y afirman que las aprueban [&hellip;]<\/p>\n","protected":false},"author":1,"featured_media":0,"comment_status":"closed","ping_status":"closed","sticky":false,"template":"","format":"standard","meta":{"_et_pb_use_builder":"","_et_pb_old_content":"","_et_gb_content_width":"","footnotes":""},"categories":[291],"tags":[],"class_list":["post-58564","post","type-post","status-publish","format-standard","hentry","category-catalunya-es"],"jetpack_featured_media_url":"","jetpack_sharing_enabled":true,"jetpack_shortlink":"https:\/\/wp.me\/pdaBmi-feA","jetpack_likes_enabled":true,"_links":{"self":[{"href":"https:\/\/www.claret.org\/es\/wp-json\/wp\/v2\/posts\/58564","targetHints":{"allow":["GET"]}}],"collection":[{"href":"https:\/\/www.claret.org\/es\/wp-json\/wp\/v2\/posts"}],"about":[{"href":"https:\/\/www.claret.org\/es\/wp-json\/wp\/v2\/types\/post"}],"author":[{"embeddable":true,"href":"https:\/\/www.claret.org\/es\/wp-json\/wp\/v2\/users\/1"}],"replies":[{"embeddable":true,"href":"https:\/\/www.claret.org\/es\/wp-json\/wp\/v2\/comments?post=58564"}],"version-history":[{"count":0,"href":"https:\/\/www.claret.org\/es\/wp-json\/wp\/v2\/posts\/58564\/revisions"}],"wp:attachment":[{"href":"https:\/\/www.claret.org\/es\/wp-json\/wp\/v2\/media?parent=58564"}],"wp:term":[{"taxonomy":"category","embeddable":true,"href":"https:\/\/www.claret.org\/es\/wp-json\/wp\/v2\/categories?post=58564"},{"taxonomy":"post_tag","embeddable":true,"href":"https:\/\/www.claret.org\/es\/wp-json\/wp\/v2\/tags?post=58564"}],"curies":[{"name":"wp","href":"https:\/\/api.w.org\/{rel}","templated":true}]}}