{"id":58567,"date":"2010-02-10T18:18:33","date_gmt":"2010-02-10T17:18:33","guid":{"rendered":"https:\/\/www.claret.org\/los-claretianos-de-cataluna-estan-en-capitulo\/"},"modified":"2010-02-10T18:18:33","modified_gmt":"2010-02-10T17:18:33","slug":"los-claretianos-de-cataluna-estan-en-capitulo","status":"publish","type":"post","link":"https:\/\/www.claret.org\/es\/los-claretianos-de-cataluna-estan-en-capitulo\/","title":{"rendered":"Los claretianos de Catalu\u00f1a est\u00e1n en Cap\u00edtulo"},"content":{"rendered":"<div class=\"field field-name-body field-type-text-with-summary field-label-hidden\">\n<div class=\"field-items\">\n<div class=\"field-item even\">\n<p><strong>Espa\u00f1a<\/strong>. Los Claretianos de Catalu\u00f1a hemos empezado el 21\u00ba cap\u00edtulo provincial el domingo, 31 de enero.<br \/>\nEn este cap\u00edtulo pretendemos examinar c\u00f3mo se han llevado a cabo las decisiones del cap\u00edtulo anterior, marcar las l\u00edneas de actuaci\u00f3n y las prioridades y elegir el \u00abgobierno provincial\u00bb que deber\u00e1 llevar<\/p>\n<p>a la pr\u00e1ctica las decisiones que se tomen. Tenemos la franca intuici\u00f3n de que este cap\u00edtulo no es un cap\u00edtulo de tr\u00e1mite como lo habr\u00eda podido ser en tiempos pasados. Los cambios que han sobrevenido a nuestra Iglesia y tambi\u00e9n a nuestra sociedad, pesar\u00e1n lo suyo dentro del aula capitular. Los percibimos como una interpelaci\u00f3n directa para nuestra comunidad claretiana. Ya desde ahora pedimos al Se\u00f1or que nos d\u00e9 su Esp\u00edritu de discernimiento para que seamos capaces de ver con claridad el camino que hay que seguir y tengamos la valent\u00eda necesaria para llevarlo a t\u00e9rmino. Confiamos tambi\u00e9n, claro est\u00e1, en la oraci\u00f3n de nuestros amigos, en la vuestra.<\/p>\n<\/div>\n<\/div>\n<\/div>\n","protected":false},"excerpt":{"rendered":"<p>Espa\u00f1a. Los Claretianos de Catalu\u00f1a hemos empezado el 21\u00ba cap\u00edtulo provincial el domingo, 31 de enero. En este cap\u00edtulo pretendemos examinar c\u00f3mo se han llevado a cabo las decisiones del cap\u00edtulo anterior, marcar las l\u00edneas de actuaci\u00f3n y las prioridades y elegir el \u00abgobierno provincial\u00bb que deber\u00e1 llevar a la pr\u00e1ctica las decisiones que se [&hellip;]<\/p>\n","protected":false},"author":1,"featured_media":0,"comment_status":"closed","ping_status":"closed","sticky":false,"template":"","format":"standard","meta":{"_et_pb_use_builder":"","_et_pb_old_content":"","_et_gb_content_width":"","footnotes":""},"categories":[291],"tags":[],"class_list":["post-58567","post","type-post","status-publish","format-standard","hentry","category-catalunya-es"],"jetpack_featured_media_url":"","jetpack_sharing_enabled":true,"jetpack_shortlink":"https:\/\/wp.me\/pdaBmi-feD","jetpack_likes_enabled":true,"_links":{"self":[{"href":"https:\/\/www.claret.org\/es\/wp-json\/wp\/v2\/posts\/58567","targetHints":{"allow":["GET"]}}],"collection":[{"href":"https:\/\/www.claret.org\/es\/wp-json\/wp\/v2\/posts"}],"about":[{"href":"https:\/\/www.claret.org\/es\/wp-json\/wp\/v2\/types\/post"}],"author":[{"embeddable":true,"href":"https:\/\/www.claret.org\/es\/wp-json\/wp\/v2\/users\/1"}],"replies":[{"embeddable":true,"href":"https:\/\/www.claret.org\/es\/wp-json\/wp\/v2\/comments?post=58567"}],"version-history":[{"count":0,"href":"https:\/\/www.claret.org\/es\/wp-json\/wp\/v2\/posts\/58567\/revisions"}],"wp:attachment":[{"href":"https:\/\/www.claret.org\/es\/wp-json\/wp\/v2\/media?parent=58567"}],"wp:term":[{"taxonomy":"category","embeddable":true,"href":"https:\/\/www.claret.org\/es\/wp-json\/wp\/v2\/categories?post=58567"},{"taxonomy":"post_tag","embeddable":true,"href":"https:\/\/www.claret.org\/es\/wp-json\/wp\/v2\/tags?post=58567"}],"curies":[{"name":"wp","href":"https:\/\/api.w.org\/{rel}","templated":true}]}}