{"id":58689,"date":"2010-01-25T14:49:43","date_gmt":"2010-01-25T13:49:43","guid":{"rendered":"https:\/\/www.claret.org\/comienza-el-capitulo-de-east-nigeria\/"},"modified":"2010-01-25T14:49:43","modified_gmt":"2010-01-25T13:49:43","slug":"comienza-el-capitulo-de-east-nigeria","status":"publish","type":"post","link":"https:\/\/www.claret.org\/es\/comienza-el-capitulo-de-east-nigeria\/","title":{"rendered":"Comienza el Cap\u00edtulo de East Nigeria"},"content":{"rendered":"<p><strong>Nigeria<\/strong>. Hoy, 25 de enero de 2010 ha dado inicio el Cap\u00edtulo de la Provincia de Nigeria del Este, presidido por el P. Mathew Vattamattam, Consultor general y prefecto general de Formaci\u00f3n. A las 7 de la ma\u00f1ana se han reunido los 43 participantes en la capilla para tener la Misa de apertura.<\/p>\n<p>Hoy, fiesta de la Conversi\u00f3n de s. Pablo, es una fecha muy significativa para una Provincia que en este momento desea su renovaci\u00f3n del esp\u00edritu misionero El Presidente tom\u00f3 pie de esta circunstancia para pedir a a todos los claretianos de la Provincia un trabajo fuerte en la consecuci\u00f3n de de los objetivos de la vocaci\u00f3n misionera.<br \/>\nEl ambiente ha sido de visible felicidad al inicio de este Cap\u00edtulo.<\/p>\n","protected":false},"excerpt":{"rendered":"<p>Nigeria. Hoy, 25 de enero de 2010 ha dado inicio el Cap\u00edtulo de la Provincia de Nigeria del Este, presidido por el P. Mathew Vattamattam, Consultor general y prefecto general de Formaci\u00f3n. A las 7 de la ma\u00f1ana se han reunido los 43 participantes en la capilla para tener la Misa de apertura. Hoy, fiesta [&hellip;]<\/p>\n","protected":false},"author":1,"featured_media":0,"comment_status":"closed","ping_status":"closed","sticky":false,"template":"","format":"standard","meta":{"_et_pb_use_builder":"","_et_pb_old_content":"","_et_gb_content_width":"","footnotes":""},"categories":[142],"tags":[],"class_list":["post-58689","post","type-post","status-publish","format-standard","hentry","category-east-nigeria-es"],"jetpack_featured_media_url":"","jetpack_sharing_enabled":true,"jetpack_shortlink":"https:\/\/wp.me\/pdaBmi-fgB","jetpack_likes_enabled":true,"_links":{"self":[{"href":"https:\/\/www.claret.org\/es\/wp-json\/wp\/v2\/posts\/58689","targetHints":{"allow":["GET"]}}],"collection":[{"href":"https:\/\/www.claret.org\/es\/wp-json\/wp\/v2\/posts"}],"about":[{"href":"https:\/\/www.claret.org\/es\/wp-json\/wp\/v2\/types\/post"}],"author":[{"embeddable":true,"href":"https:\/\/www.claret.org\/es\/wp-json\/wp\/v2\/users\/1"}],"replies":[{"embeddable":true,"href":"https:\/\/www.claret.org\/es\/wp-json\/wp\/v2\/comments?post=58689"}],"version-history":[{"count":0,"href":"https:\/\/www.claret.org\/es\/wp-json\/wp\/v2\/posts\/58689\/revisions"}],"wp:attachment":[{"href":"https:\/\/www.claret.org\/es\/wp-json\/wp\/v2\/media?parent=58689"}],"wp:term":[{"taxonomy":"category","embeddable":true,"href":"https:\/\/www.claret.org\/es\/wp-json\/wp\/v2\/categories?post=58689"},{"taxonomy":"post_tag","embeddable":true,"href":"https:\/\/www.claret.org\/es\/wp-json\/wp\/v2\/tags?post=58689"}],"curies":[{"name":"wp","href":"https:\/\/api.w.org\/{rel}","templated":true}]}}