{"id":58816,"date":"2010-01-03T16:23:19","date_gmt":"2010-01-03T15:23:19","guid":{"rendered":"https:\/\/www.claret.org\/inician-las-jornadas-de-vida-religiosa\/"},"modified":"2010-01-03T16:23:19","modified_gmt":"2010-01-03T15:23:19","slug":"inician-las-jornadas-de-vida-religiosa","status":"publish","type":"post","link":"https:\/\/www.claret.org\/es\/inician-las-jornadas-de-vida-religiosa\/","title":{"rendered":"Inician las Jornadas de Vida Religiosa"},"content":{"rendered":"<p><strong>Roma<\/strong>. Organizadas por el Instituto de Teolog\u00eda de la Vida Consagrada \u00abClaretianum\u00bb, han dado comienzo las tradicionales Jornadas anuales en su 35\u00ba edici\u00f3n. El tema elegido para el presente a\u00f1o es \u00abRelaci\u00f3n entre Econom\u00eda y Vida Consagrada\u00bb. En este primer d\u00eda han intervenido el <strong>Dr. Ricardo Moro<\/strong>, director de la <em>Fundaci\u00f3n<\/em><\/p>\n<p><em>Justicia y Solidariedad<\/em> con el tema La <em>Econom\u00eda hoy<\/em>, y la <strong>Hna. Tiziana Longhitano<\/strong>, ense\u00f1ante en el Claretianum,<strong> <\/strong>que ha presentado el tema el <em>Proyectos de econom\u00eda alternativa en la vida consagrada<\/em>.<\/p>\n<p>Comenz\u00f3 a las 16,00 h. con el saludo del Card. Franc Rod\u00e9, Prefecto de la CIVCSVA, y siguieron las intervenciones de los ponentes. El tema ha suscitado grande inter\u00e9s, prueba de ello es que el Aula Magna de la Universidad Urbaniana se encontraba pr\u00e1cticamente llena de religiosos y religiosas.<\/p>\n","protected":false},"excerpt":{"rendered":"<p>Roma. Organizadas por el Instituto de Teolog\u00eda de la Vida Consagrada \u00abClaretianum\u00bb, han dado comienzo las tradicionales Jornadas anuales en su 35\u00ba edici\u00f3n. El tema elegido para el presente a\u00f1o es \u00abRelaci\u00f3n entre Econom\u00eda y Vida Consagrada\u00bb. En este primer d\u00eda han intervenido el Dr. Ricardo Moro, director de la Fundaci\u00f3n Justicia y Solidariedad con [&hellip;]<\/p>\n","protected":false},"author":1,"featured_media":0,"comment_status":"closed","ping_status":"closed","sticky":false,"template":"","format":"standard","meta":{"_et_pb_use_builder":"","_et_pb_old_content":"","_et_gb_content_width":"","footnotes":""},"categories":[417],"tags":[],"class_list":["post-58816","post","type-post","status-publish","format-standard","hentry","category-vida-consagrada"],"jetpack_featured_media_url":"","jetpack_sharing_enabled":true,"jetpack_shortlink":"https:\/\/wp.me\/pdaBmi-fiE","jetpack_likes_enabled":true,"_links":{"self":[{"href":"https:\/\/www.claret.org\/es\/wp-json\/wp\/v2\/posts\/58816","targetHints":{"allow":["GET"]}}],"collection":[{"href":"https:\/\/www.claret.org\/es\/wp-json\/wp\/v2\/posts"}],"about":[{"href":"https:\/\/www.claret.org\/es\/wp-json\/wp\/v2\/types\/post"}],"author":[{"embeddable":true,"href":"https:\/\/www.claret.org\/es\/wp-json\/wp\/v2\/users\/1"}],"replies":[{"embeddable":true,"href":"https:\/\/www.claret.org\/es\/wp-json\/wp\/v2\/comments?post=58816"}],"version-history":[{"count":0,"href":"https:\/\/www.claret.org\/es\/wp-json\/wp\/v2\/posts\/58816\/revisions"}],"wp:attachment":[{"href":"https:\/\/www.claret.org\/es\/wp-json\/wp\/v2\/media?parent=58816"}],"wp:term":[{"taxonomy":"category","embeddable":true,"href":"https:\/\/www.claret.org\/es\/wp-json\/wp\/v2\/categories?post=58816"},{"taxonomy":"post_tag","embeddable":true,"href":"https:\/\/www.claret.org\/es\/wp-json\/wp\/v2\/tags?post=58816"}],"curies":[{"name":"wp","href":"https:\/\/api.w.org\/{rel}","templated":true}]}}