{"id":58836,"date":"2010-01-03T16:47:43","date_gmt":"2010-01-03T15:47:43","guid":{"rendered":"https:\/\/www.claret.org\/nace-la-comunidad-de-animadores-educadores-padre-antonio-m-claret\/"},"modified":"2010-01-03T16:47:43","modified_gmt":"2010-01-03T15:47:43","slug":"nace-la-comunidad-de-animadores-educadores-padre-antonio-m-claret","status":"publish","type":"post","link":"https:\/\/www.claret.org\/es\/nace-la-comunidad-de-animadores-educadores-padre-antonio-m-claret\/","title":{"rendered":"Nace la comunidad de animadores-educadores \u201cPadre Antonio M. Claret\u201d"},"content":{"rendered":"<p><strong>Italia<\/strong>. La tarde del viernes, d\u00eda 6 de noviembre, se han reunido algunos j\u00f3venes de la parroquia claretiana del Coraz\u00f3n de Mar\u00eda de Trieste, para dar vida a la comunidad de animadores-educadores Padre Antonio M. Claret, guiada por el P. Massimo Proscia, CMF. Tiene como finalidad la de tomar conciencia de lo que se desarrolla en la parroquia (actividades, grupos, oratorio, coro, etc.), para poder coordinar mejor, todos juntos, la pastoral juvenil y para programar las varias actividades del curso pastoral. Para esto se han confiado a la figura del P. Claret, fundador de los Misioneros Claretianos, al que toman como modelo y gu\u00eda con el compromiso de descubrir mejor qui\u00e9n este personaje.<\/p>\n<p>Un grupo de muchachos y muchachas se han puesto inmediatamente ya a disposici\u00f3n del organizador para estas tareas. La pr\u00f3xima reuni\u00f3n est\u00e1 fijada para el d\u00eda 14 de este mismo mes de noviembre.<\/p>\n","protected":false},"excerpt":{"rendered":"<p>Italia. La tarde del viernes, d\u00eda 6 de noviembre, se han reunido algunos j\u00f3venes de la parroquia claretiana del Coraz\u00f3n de Mar\u00eda de Trieste, para dar vida a la comunidad de animadores-educadores Padre Antonio M. Claret, guiada por el P. Massimo Proscia, CMF. Tiene como finalidad la de tomar conciencia de lo que se desarrolla [&hellip;]<\/p>\n","protected":false},"author":1,"featured_media":0,"comment_status":"closed","ping_status":"closed","sticky":false,"template":"","format":"standard","meta":{"_et_pb_use_builder":"","_et_pb_old_content":"","_et_gb_content_width":"","footnotes":""},"categories":[568],"tags":[],"class_list":["post-58836","post","type-post","status-publish","format-standard","hentry","category-fundadores-cmf"],"jetpack_featured_media_url":"","jetpack_sharing_enabled":true,"jetpack_shortlink":"https:\/\/wp.me\/pdaBmi-fiY","jetpack_likes_enabled":true,"_links":{"self":[{"href":"https:\/\/www.claret.org\/es\/wp-json\/wp\/v2\/posts\/58836","targetHints":{"allow":["GET"]}}],"collection":[{"href":"https:\/\/www.claret.org\/es\/wp-json\/wp\/v2\/posts"}],"about":[{"href":"https:\/\/www.claret.org\/es\/wp-json\/wp\/v2\/types\/post"}],"author":[{"embeddable":true,"href":"https:\/\/www.claret.org\/es\/wp-json\/wp\/v2\/users\/1"}],"replies":[{"embeddable":true,"href":"https:\/\/www.claret.org\/es\/wp-json\/wp\/v2\/comments?post=58836"}],"version-history":[{"count":0,"href":"https:\/\/www.claret.org\/es\/wp-json\/wp\/v2\/posts\/58836\/revisions"}],"wp:attachment":[{"href":"https:\/\/www.claret.org\/es\/wp-json\/wp\/v2\/media?parent=58836"}],"wp:term":[{"taxonomy":"category","embeddable":true,"href":"https:\/\/www.claret.org\/es\/wp-json\/wp\/v2\/categories?post=58836"},{"taxonomy":"post_tag","embeddable":true,"href":"https:\/\/www.claret.org\/es\/wp-json\/wp\/v2\/tags?post=58836"}],"curies":[{"name":"wp","href":"https:\/\/api.w.org\/{rel}","templated":true}]}}