{"id":58844,"date":"2009-12-23T17:04:01","date_gmt":"2009-12-23T16:04:01","guid":{"rendered":"https:\/\/www.claret.org\/el-hoy-de-la-vida-consagrada\/"},"modified":"2009-12-23T17:04:01","modified_gmt":"2009-12-23T16:04:01","slug":"el-hoy-de-la-vida-consagrada","status":"publish","type":"post","link":"https:\/\/www.claret.org\/es\/el-hoy-de-la-vida-consagrada\/","title":{"rendered":"El Hoy de la Vida Consagrada"},"content":{"rendered":"<p><strong>Espa\u00f1a<\/strong>. La <em><strong>Revista Vida Religiosa<\/strong><\/em> acaba de clausurar los actos con motivo del LXV aniversario de su fundaci\u00f3n. Han cambiado mucho las cosas desde aquel 1944 hasta nuestros d\u00edas. No ha cambiado, sin embargo, el sentido y la necesidad de los consagrados haciendo camino entre los creyentes en nuestro mundo.<\/p>\n<p style=\"text-align: left;\" align=\"right\">M\u00e1s que un recrear la historia, las jornadas de la revista han servido para ofrecer un an\u00e1lisis certero sobre el presente de la consagraci\u00f3n en Espa\u00f1a y en el mundo. Los pasados d\u00edas 11 y 12 de diciembre, se han reunido m\u00e1s de 200 consagrados preocupados por el HOY DE LA VIDA CONSAGRADA. Una cadena de propuestas, sin nostalgia, ha servido para que no s\u00f3lo se viva con esperanza el presente, sino que se intuya el futuro. Nombres como el de los franciscanos <strong><em>Jes\u00fas Sanz Montes,<\/em><\/strong> <strong><em>Arzobispo Electo de Oviedo y Santiago Agrelo, Arzobispo de T\u00e1nger, el carmelita Camilo Maccise o el claretiano Gonzalo Fern\u00e1ndez<\/em><\/strong> ofrecieron diferentes reflexiones sobre el momento de la consagraci\u00f3n. No deja de ser sorprendente la confluencia de ideas y de propuestas; de signos de esperanza y de vida.<\/p>\n<p>Durante el congreso no fue menos significativo el apartado dedicado a la trayectoria de la Revista Vida Religiosa en el panorama mundial. Teniendo en cuenta que es la revista de vida consagrada en castellano m\u00e1s extendida del mundo (llega mensualmente a 86 pa\u00edses), los directores todav\u00eda vivos de la misma, fueron exponiendo lo que para ellos fue y sigue siendo el centro de inter\u00e9s a partir de los a\u00f1os en los cuales desempe\u00f1aron este servicio. El <strong><em>P.<\/em><\/strong> <strong><em>Aquilino Bocos<\/em><\/strong>, director durante la d\u00e9cada de los 70, se\u00f1al\u00f3 bajo dos verbos las urgencias y posibilidades de la vida consagrada: creer y pertenecer. El <strong><em>P. Jos\u00e9 Cristo Rey<\/em><\/strong>, sintetiz\u00f3 su etapa de direcci\u00f3n bajo el ep\u00edgrafe: par\u00e1bolas y relatos. Por su parte, el <strong><em>P. Pedro Belderrain<\/em><\/strong> condens\u00f3 su periodo de direcci\u00f3n como un paso. \u201cde la intuici\u00f3n a la convicci\u00f3n\u201d. Finalmente, el director actual de la Revista, <strong><em>P. Luis Alberto Gonzalo D\u00edez<\/em><\/strong>, ofreci\u00f3 la reflexi\u00f3n titulada \u201cmissio inter gentes\u201d, significando la oportunidad intercultural, intercongregacional e intervocacional de la misi\u00f3n.<\/p>\n<p>Especialmente emotiva fue la Laudatio ofrecida por el <strong><em>P. \u00c1ngel Aparicio<\/em><\/strong> sobre el recientemente desaparecido <strong><em>P. Severino Mar\u00eda Alonso<\/em><\/strong>, tambi\u00e9n director en su momento de Vida Religiosa. La figura de Severino unida a una larga lista de hombres y mujeres que dejaron los mejores a\u00f1os de su vida en la publicaci\u00f3n, constituye una de las glorias de la misma.<\/p>\n<p>Concluyeron los actos con una concelebraci\u00f3n Eucar\u00edstica presidida por <strong><em>Mons. Adolfo Gonz\u00e1lez<\/em><\/strong> Montes, Obispo de Almer\u00eda y Vicecanciller de la Universidad Pontificia de Salamanca. En sus palabras de la homil\u00eda exhorto a la vida consagrada a seguir confiando en la fuerza de Dios; \u201cm\u00e1s que ofrecer eficacia, los consagrados son aquellos que testimonian en el seno de la sociedad, y codo a codo con todos, la presencia trascendente de Dios. Ah\u00ed est\u00e1 vuestra fuerza\u201d nos dijo D. Adolfo.<\/p>\n<p>No ser\u00eda justo concluir esta cr\u00f3nica, casi social, del evento, sin mencionar algunas presencias. Acompa\u00f1aron en su cumplea\u00f1os a Vida Religiosa el Presidente y Secretaria General de CONFER: <strong><em>P. El\u00edas Roy\u00f3n y Hna. Julia Garc\u00eda Monge<\/em><\/strong>; La Secretaria de la Comisi\u00f3n Episcopal para la Vida Consagrada, <strong><em>Hna. Lourdes Grosso<\/em><\/strong>; Varios directores y representantes de distintas publicaciones y agencias de informaci\u00f3n\u2026 Muchas personas que viven y beben de los contenidos que peri\u00f3dicamente Vida Religiosa va trasmitiendo. Centenares de religiosos an\u00f3nimos a lo largo de este a\u00f1o 2009 que concluye, han expresado su cercan\u00eda con la publicaci\u00f3n. Ser\u00eda injusto aludir a algunos, omitiendo otros. Entre los nombres que aportan vida a la reflexi\u00f3n teol\u00f3gica sobre la vida consagrada expresaron su cercan\u00eda <strong><em>Emili Tur\u00fa, Timothy Radcliffe; V\u00edctor Codina, Mamerto Menapace, Nuria Calduch, B\u00e1rbara Bucker <\/em><\/strong>o<strong><em> J. B. Libanio<\/em><\/strong>\u2026 por se\u00f1alar s\u00f3lo algunos.<br \/>\nRevista VR<br \/>\nMadrid<\/p>\n","protected":false},"excerpt":{"rendered":"<p>Espa\u00f1a. La Revista Vida Religiosa acaba de clausurar los actos con motivo del LXV aniversario de su fundaci\u00f3n. Han cambiado mucho las cosas desde aquel 1944 hasta nuestros d\u00edas. No ha cambiado, sin embargo, el sentido y la necesidad de los consagrados haciendo camino entre los creyentes en nuestro mundo. M\u00e1s que un recrear la [&hellip;]<\/p>\n","protected":false},"author":1,"featured_media":0,"comment_status":"closed","ping_status":"closed","sticky":false,"template":"","format":"standard","meta":{"_et_pb_use_builder":"","_et_pb_old_content":"","_et_gb_content_width":"","footnotes":""},"categories":[417],"tags":[],"class_list":["post-58844","post","type-post","status-publish","format-standard","hentry","category-vida-consagrada"],"jetpack_featured_media_url":"","jetpack_sharing_enabled":true,"jetpack_shortlink":"https:\/\/wp.me\/pdaBmi-fj6","jetpack_likes_enabled":true,"_links":{"self":[{"href":"https:\/\/www.claret.org\/es\/wp-json\/wp\/v2\/posts\/58844","targetHints":{"allow":["GET"]}}],"collection":[{"href":"https:\/\/www.claret.org\/es\/wp-json\/wp\/v2\/posts"}],"about":[{"href":"https:\/\/www.claret.org\/es\/wp-json\/wp\/v2\/types\/post"}],"author":[{"embeddable":true,"href":"https:\/\/www.claret.org\/es\/wp-json\/wp\/v2\/users\/1"}],"replies":[{"embeddable":true,"href":"https:\/\/www.claret.org\/es\/wp-json\/wp\/v2\/comments?post=58844"}],"version-history":[{"count":0,"href":"https:\/\/www.claret.org\/es\/wp-json\/wp\/v2\/posts\/58844\/revisions"}],"wp:attachment":[{"href":"https:\/\/www.claret.org\/es\/wp-json\/wp\/v2\/media?parent=58844"}],"wp:term":[{"taxonomy":"category","embeddable":true,"href":"https:\/\/www.claret.org\/es\/wp-json\/wp\/v2\/categories?post=58844"},{"taxonomy":"post_tag","embeddable":true,"href":"https:\/\/www.claret.org\/es\/wp-json\/wp\/v2\/tags?post=58844"}],"curies":[{"name":"wp","href":"https:\/\/api.w.org\/{rel}","templated":true}]}}