{"id":58878,"date":"2009-11-29T17:26:39","date_gmt":"2009-11-29T16:26:39","guid":{"rendered":"https:\/\/www.claret.org\/culmina-el-taller-sobre-la-identidad-del-educador-claretiano\/"},"modified":"2009-11-29T17:26:39","modified_gmt":"2009-11-29T16:26:39","slug":"culmina-el-taller-sobre-la-identidad-del-educador-claretiano","status":"publish","type":"post","link":"https:\/\/www.claret.org\/es\/culmina-el-taller-sobre-la-identidad-del-educador-claretiano\/","title":{"rendered":"Culmina el Taller sobre la Identidad del Educador Claretiano"},"content":{"rendered":"<p><strong>Espa\u00f1a<\/strong>. Los Colegios Claretianos de Espa\u00f1a han culminado el proceso de un Taller para describir la Identidad del Educador Claretiano Seglar y los rasgos de su Pedagog\u00eda. El Taller se inici\u00f3 en noviembre de 2005, y ha concluido en Vic del 9 al 13 de noviembre de 2009, con la 4\u00aa y \u00faltima edici\u00f3n del \u00abCurso-Taller sobre la<\/p>\n<p>identidad del Educador Claretiano\u00bb. Han participado m\u00e1s de 140 educadores en el proceso, siendo en esta \u00faltima edici\u00f3n 35 participantes, de 18 Colegios de las tres ramas de la Familia Claretiana que tienen Centros Educativos en Espa\u00f1a. Este encuentro formativo para Educadores Seglares ha sido convocado y organizado por la Comisi\u00f3n Interprovincial de Colegios (CIC) de Espa\u00f1a, siendo realizado por una subcomisi\u00f3n de la que forman parte Margarita Garc\u00eda y Rosa Ruiz, rmi, y Juan Lozano y Juan Carlos Monroy, cmf, siendo \u00e9ste \u00faltimo el coordinador. El director de secundaria del Claret de Madrid, don Enrique Mart\u00edn, ha colaborado estrechamente con esta subcomisi\u00f3n. El rastreo de la Identidad del Educador Claretiano se realizaba desde cuatro fuentes: desde la experiencia del propio educador seglar participante, desde la experiencia de los fundadores de los tres institutos -a trav\u00e9s de sus escritos-, desde la experiencia de las generaciones anteriores -a trav\u00e9s de los documentos congregaciones y de las conclusiones de diversos encuentros- y desde el contraste con el Ideario de los Colegios de la Familia Claretiana de Espa\u00f1a, elaborado por todos los directivos de los Centros Educativos Claretianos. El trabajo era contextualizado por Anton Vilarrubias cmf, Encarnaci\u00f3n Velasco rmi y Antonio Bellella cmf Las conclusiones de los grupos que han trabajado el Taller sobre la Identidad del Educador Claretiano, ser\u00e1n sintetizadas por esta subcomisi\u00f3n, que adem\u00e1s ofrecer\u00e1n a los Centros unas guias de trabajo para que puedan ser estudiadas por los Claustros. Este trabajo estar\u00e1 terminado para el aniversario del nacimiento de San Antonio Mar\u00eda Claret.<\/p>\n","protected":false},"excerpt":{"rendered":"<p>Espa\u00f1a. Los Colegios Claretianos de Espa\u00f1a han culminado el proceso de un Taller para describir la Identidad del Educador Claretiano Seglar y los rasgos de su Pedagog\u00eda. El Taller se inici\u00f3 en noviembre de 2005, y ha concluido en Vic del 9 al 13 de noviembre de 2009, con la 4\u00aa y \u00faltima edici\u00f3n del [&hellip;]<\/p>\n","protected":false},"author":1,"featured_media":0,"comment_status":"closed","ping_status":"closed","sticky":false,"template":"","format":"standard","meta":{"_et_pb_use_builder":"","_et_pb_old_content":"","_et_gb_content_width":"","footnotes":""},"categories":[528,422],"tags":[],"class_list":["post-58878","post","type-post","status-publish","format-standard","hentry","category-familia-claretiana","category-pastoral-educativa"],"jetpack_featured_media_url":"","jetpack_sharing_enabled":true,"jetpack_shortlink":"https:\/\/wp.me\/pdaBmi-fjE","jetpack_likes_enabled":true,"_links":{"self":[{"href":"https:\/\/www.claret.org\/es\/wp-json\/wp\/v2\/posts\/58878","targetHints":{"allow":["GET"]}}],"collection":[{"href":"https:\/\/www.claret.org\/es\/wp-json\/wp\/v2\/posts"}],"about":[{"href":"https:\/\/www.claret.org\/es\/wp-json\/wp\/v2\/types\/post"}],"author":[{"embeddable":true,"href":"https:\/\/www.claret.org\/es\/wp-json\/wp\/v2\/users\/1"}],"replies":[{"embeddable":true,"href":"https:\/\/www.claret.org\/es\/wp-json\/wp\/v2\/comments?post=58878"}],"version-history":[{"count":0,"href":"https:\/\/www.claret.org\/es\/wp-json\/wp\/v2\/posts\/58878\/revisions"}],"wp:attachment":[{"href":"https:\/\/www.claret.org\/es\/wp-json\/wp\/v2\/media?parent=58878"}],"wp:term":[{"taxonomy":"category","embeddable":true,"href":"https:\/\/www.claret.org\/es\/wp-json\/wp\/v2\/categories?post=58878"},{"taxonomy":"post_tag","embeddable":true,"href":"https:\/\/www.claret.org\/es\/wp-json\/wp\/v2\/tags?post=58878"}],"curies":[{"name":"wp","href":"https:\/\/api.w.org\/{rel}","templated":true}]}}