{"id":58906,"date":"2009-11-06T17:52:17","date_gmt":"2009-11-06T16:52:17","guid":{"rendered":"https:\/\/www.claret.org\/mision-popular-siguiendo-el-proyecto-de-san-antonio-m-claret\/"},"modified":"2009-11-06T17:52:17","modified_gmt":"2009-11-06T16:52:17","slug":"mision-popular-siguiendo-el-proyecto-de-san-antonio-m-claret","status":"publish","type":"post","link":"https:\/\/www.claret.org\/es\/mision-popular-siguiendo-el-proyecto-de-san-antonio-m-claret\/","title":{"rendered":"Misi\u00f3n popular siguiendo el proyecto de San Antonio M. Claret"},"content":{"rendered":"<p><strong>Per\u00fa<\/strong>. La Agencia Fides (31.10.2009) se ha hecho eco de la Misi\u00f3n popular que se ha desarrollado en Arequipa, en la provincia de Castilla. \u00abSiguendo la huella de Claret encontrar\u00e9is seguramente dificultades, pero son pasos seguros en el seguimiento de Jes\u00fas\u00bb. Son palabras con las que el P. Manuel Rodr\u00edguez, CMF, ha enviado a m\u00e1s de 30 misioneros preparados por el Instituto de Filiaci\u00f3n Cordimariana y la Asociaci\u00f3n de Misioneros de San Antonio Mar\u00eda Claret, para realizar una Misi\u00f3n entre los pueblos de Machahuay, Viraco y Tipay, de la provincia di Castilla, en Arequipa (al sur de Per\u00fa).<\/p>\n<p>El 27 de octubre los misioneros fueron con el P. Manuel, director del Canal televisivo cat\u00f3lico JN19. Formaba parte del grupo tambi\u00e9n Isela Llerena, Consejera de la asociaci\u00f3n, y perteneciente a la Familia Claretiana que festeja este a\u00f1o los cien a\u00f1os de presencia claretiana en Per\u00fa. Los misioneros se han preparado durante un mes con conferencias y seminarios semanales, junto con seminaristas y personas consagradas. Seg\u00fan los organizadores, las Celebraciones de la palabra han ocupado gran parte de esta formaci\u00f3n con el fin de ense\u00f1ar a los misioneros c\u00f3mo celebrar tales liturgias o paraliturgias con los habitantes de la zona donde deb\u00edan realizar la misi\u00f3n. Las sesiones de estudio comprend\u00edan diversos temas, como Cristolog\u00eda, Misionolog\u00eda, Mariolog\u00eda, Sacramentos, la Biblia, etc<\/p>\n","protected":false},"excerpt":{"rendered":"<p>Per\u00fa. La Agencia Fides (31.10.2009) se ha hecho eco de la Misi\u00f3n popular que se ha desarrollado en Arequipa, en la provincia de Castilla. \u00abSiguendo la huella de Claret encontrar\u00e9is seguramente dificultades, pero son pasos seguros en el seguimiento de Jes\u00fas\u00bb. Son palabras con las que el P. Manuel Rodr\u00edguez, CMF, ha enviado a m\u00e1s [&hellip;]<\/p>\n","protected":false},"author":1,"featured_media":0,"comment_status":"closed","ping_status":"closed","sticky":false,"template":"","format":"standard","meta":{"_et_pb_use_builder":"","_et_pb_old_content":"","_et_gb_content_width":"","footnotes":""},"categories":[528,533],"tags":[],"class_list":["post-58906","post","type-post","status-publish","format-standard","hentry","category-familia-claretiana","category-la-congregacion"],"jetpack_featured_media_url":"","jetpack_sharing_enabled":true,"jetpack_shortlink":"https:\/\/wp.me\/pdaBmi-fk6","jetpack_likes_enabled":true,"_links":{"self":[{"href":"https:\/\/www.claret.org\/es\/wp-json\/wp\/v2\/posts\/58906","targetHints":{"allow":["GET"]}}],"collection":[{"href":"https:\/\/www.claret.org\/es\/wp-json\/wp\/v2\/posts"}],"about":[{"href":"https:\/\/www.claret.org\/es\/wp-json\/wp\/v2\/types\/post"}],"author":[{"embeddable":true,"href":"https:\/\/www.claret.org\/es\/wp-json\/wp\/v2\/users\/1"}],"replies":[{"embeddable":true,"href":"https:\/\/www.claret.org\/es\/wp-json\/wp\/v2\/comments?post=58906"}],"version-history":[{"count":0,"href":"https:\/\/www.claret.org\/es\/wp-json\/wp\/v2\/posts\/58906\/revisions"}],"wp:attachment":[{"href":"https:\/\/www.claret.org\/es\/wp-json\/wp\/v2\/media?parent=58906"}],"wp:term":[{"taxonomy":"category","embeddable":true,"href":"https:\/\/www.claret.org\/es\/wp-json\/wp\/v2\/categories?post=58906"},{"taxonomy":"post_tag","embeddable":true,"href":"https:\/\/www.claret.org\/es\/wp-json\/wp\/v2\/tags?post=58906"}],"curies":[{"name":"wp","href":"https:\/\/api.w.org\/{rel}","templated":true}]}}