{"id":58942,"date":"2009-10-21T18:24:09","date_gmt":"2009-10-21T16:24:09","guid":{"rendered":"https:\/\/www.claret.org\/carta-de-octubre-del-padre-general-centinela\/"},"modified":"2009-10-21T18:24:09","modified_gmt":"2009-10-21T16:24:09","slug":"carta-de-octubre-del-padre-general-centinela","status":"publish","type":"post","link":"https:\/\/www.claret.org\/es\/carta-de-octubre-del-padre-general-centinela\/","title":{"rendered":"\u00abCarta de Octubre\u00bb del Padre General. Centinela"},"content":{"rendered":"<p><b>Roma<\/b>. Como ya viene siendo tradicional, tambi\u00e9n este a\u00f1o el Padre General, Josep Maria Abella, ha dirigido la \u00abCarta de Octubre\u00bb a la congregaci\u00f3n. Se trata de una reflexi\u00f3n que quiere compartir con todos los hermanos con ocasi\u00f3n de la fiesta del Padre Fundador, san Antonio Mar\u00eda Claret, que  se celebrar\u00e1 el 24 de octubre pr\u00f3ximo.<\/p>\n<p>Este a\u00f1o la Carta de Octubre tiene un t\u00edtulo muy sugestivo CENTINELA bas\u00e1ndose en un texto del profeta Ezequiel: \u00abHijo de hombre, yo te he puesto como centinela de la casa de Israel. Oir\u00e1s de mi boca la palabra y les dar\u00e1s la alarma de mi parte\u00bb (3,17). En la primera parte expresa la condici\u00f3n del centinela profeta <i>alguien del pueblo que ha sido llamado por Dios al servicio de este mismo pueblo con el que Dios quiere mantener viva su Alianza<\/i>. En la segunda parte hace unas aplicaciones guiadas por el siguiente t\u00edtulo: <i>Le preguntamos al centinela qu\u00e9 ve, qu\u00e9 escucha, qu\u00e9 anuncia. <\/i><\/p>\n","protected":false},"excerpt":{"rendered":"<p>Roma. Como ya viene siendo tradicional, tambi\u00e9n este a\u00f1o el Padre General, Josep Maria Abella, ha dirigido la \u00abCarta de Octubre\u00bb a la congregaci\u00f3n. Se trata de una reflexi\u00f3n que quiere compartir con todos los hermanos con ocasi\u00f3n de la fiesta del Padre Fundador, san Antonio Mar\u00eda Claret, que se celebrar\u00e1 el 24 de octubre [&hellip;]<\/p>\n","protected":false},"author":1,"featured_media":0,"comment_status":"closed","ping_status":"closed","sticky":false,"template":"","format":"standard","meta":{"_et_pb_use_builder":"","_et_pb_old_content":"","_et_gb_content_width":"","footnotes":""},"categories":[1613],"tags":[],"class_list":["post-58942","post","type-post","status-publish","format-standard","hentry","category-josep-abella-batlle-es"],"jetpack_featured_media_url":"","jetpack_sharing_enabled":true,"jetpack_shortlink":"https:\/\/wp.me\/pdaBmi-fkG","jetpack_likes_enabled":true,"_links":{"self":[{"href":"https:\/\/www.claret.org\/es\/wp-json\/wp\/v2\/posts\/58942","targetHints":{"allow":["GET"]}}],"collection":[{"href":"https:\/\/www.claret.org\/es\/wp-json\/wp\/v2\/posts"}],"about":[{"href":"https:\/\/www.claret.org\/es\/wp-json\/wp\/v2\/types\/post"}],"author":[{"embeddable":true,"href":"https:\/\/www.claret.org\/es\/wp-json\/wp\/v2\/users\/1"}],"replies":[{"embeddable":true,"href":"https:\/\/www.claret.org\/es\/wp-json\/wp\/v2\/comments?post=58942"}],"version-history":[{"count":0,"href":"https:\/\/www.claret.org\/es\/wp-json\/wp\/v2\/posts\/58942\/revisions"}],"wp:attachment":[{"href":"https:\/\/www.claret.org\/es\/wp-json\/wp\/v2\/media?parent=58942"}],"wp:term":[{"taxonomy":"category","embeddable":true,"href":"https:\/\/www.claret.org\/es\/wp-json\/wp\/v2\/categories?post=58942"},{"taxonomy":"post_tag","embeddable":true,"href":"https:\/\/www.claret.org\/es\/wp-json\/wp\/v2\/tags?post=58942"}],"curies":[{"name":"wp","href":"https:\/\/api.w.org\/{rel}","templated":true}]}}